{"id":84092,"date":"2021-02-19T17:53:20","date_gmt":"2021-02-19T17:53:20","guid":{"rendered":"https:\/\/dimensionturistica.com\/es\/?p=84092"},"modified":"2021-02-19T17:53:20","modified_gmt":"2021-02-19T17:53:20","slug":"cruceros-impulsados-por-velas-ese-parece-ser-el-futuro","status":"publish","type":"post","link":"https:\/\/dimensionturistica.com\/es\/cruceros-impulsados-por-velas-ese-parece-ser-el-futuro\/","title":{"rendered":"\u00bfCruceros impulsados por velas? Ese parece ser el futuro"},"content":{"rendered":"<p> <br \/>\n<\/p>\n<div>\n<h4><strong>Redacci\u00f3n Caribbean Information Digital<\/strong><\/h4>\n<p>El astillero franc\u00e9s <a rel=\"nofollow noopener\" target=\"_blank\" href=\"https:\/\/chantiers-atlantique.com\/\">Chantiers de l&#8217;Atlantique<\/a> proyecta construir cruceros rematados con llamativas velas &#8220;ecol\u00f3gicas&#8221; de 80 metros de altura, fabricadas con fibra de vidrio y carbono.<\/p>\n<p>El concepto <strong>Strong Sail\/AeolDrive<\/strong> reducir\u00eda las emisiones de los cruceros hasta en un 50%, seg\u00fan el astillero.<\/p>\n<p>Chantiers de l&#8217;Atlantique -que est\u00e1 detr\u00e1s del dise\u00f1o de buques de primera l\u00ednea, como el MSC Grandiosa y el Movie star Apex- explic\u00f3 el concepto en un evento celebrado esta semana, transmitido en directo desde el MSC Virtuosa, un crucero a\u00fan no inaugurado, que tambi\u00e9n fue construido en el astillero.<\/p>\n<p>Laurent Castaing, director common de Chantiers de l&#8217;Atlantique, dijo que el equipo llevaba tiempo apuntando a las velas como una soluci\u00f3n ecol\u00f3gica para los cruceros. Sin embargo, estos enormes buques necesitan velas grandes, que el equipo consider\u00f3 dif\u00edciles de construir con la tecnolog\u00eda y los materiales existentes. As\u00ed que el astillero decidi\u00f3 que period necesario algo nuevo y diferente.<\/p>\n<p>El dise\u00f1o resultante se asemeja, como cube el astillero, a un &#8220;acorde\u00f3n&#8221;, con paneles plegables que forman un aparejo de vela que se utiliza junto con un motor y h\u00e9lices, por lo que no depende totalmente de los vientos fuertes.<\/p>\n<p>El m\u00e1stil de la vela tambi\u00e9n puede girar e inclinarse, lo que, seg\u00fan el astillero, permitir\u00e1 a los cruceros navegar bajo los puentes, incluidos los que bordean el Canal de Panam\u00e1.<\/p>\n<h3><strong>Fase de pruebas<\/strong><\/h3>\n<p>El Strong Sail\/AeolDrive lleva m\u00e1s de una d\u00e9cada de desarrollo, y las pruebas a\u00fan est\u00e1n en curso, por lo que pasar\u00e1 alg\u00fan tiempo antes de que estas velas puedan estar a bordo de buques de pasajeros.<\/p>\n<p>Ha habido varias fases de pruebas, desde el primer paso, que consisti\u00f3 en probar una vela m\u00e1s peque\u00f1a en un velero de competici\u00f3n J80, hasta la precise, que consiste en instalar una vela gigante en el astillero, en un m\u00e1stil de 38 metros, previsto para este oto\u00f1o, que se ampliar\u00e1 a un m\u00e1stil de 95 metros en 2022.<\/p>\n<p>El navegante franc\u00e9s Jean Le Cam tambi\u00e9n ha participado en el proceso de ensayo, probando las primeras versiones de las velas en su yate, as\u00ed como en un crucero de 90 metros que atraves\u00f3 el Atl\u00e1ntico.<\/p>\n<p>Chantiers de l&#8217;Atlantique tambi\u00e9n present\u00f3 un dise\u00f1o para un crucero personalizado de tres velas maestras y 200 metros de eslora, al que denomin\u00f3 Silenseas, en la feria Seatrade Cruise de Miami de 2018 y 2019.<\/p>\n<p>El astillero dijo que el proyecto &#8220;atrajo un gran inter\u00e9s&#8221; entre los principales actores de la industria.<\/p>\n<p><img decoding=\"async\" alt=\"cruceros de velas\" data-entity-type=\"file\" data-entity-uuid=\"30fcfc33-6827-4d90-8212-f238bd34c538\" src=\"https:\/\/dimensionturistica.com\/es\/wp-content\/uploads\/2021\/02\/\u00bfCruceros-impulsados-por-velas-Ese-parece-ser-el-futuro.jpg\" class=\"align-center\"\/><\/p>\n<h3>\u00a0<\/h3>\n<h3><strong>El futuro de los cruceros<\/strong><\/h3>\n<p>El dise\u00f1o recuerda a otros veleros ecol\u00f3gicos que han hecho furor en los \u00faltimos a\u00f1os, desde el Black Pearl de Oceanco, famoso por sus tres velas negras a chorro y ganador del <strong>Superyacht Awards Crusing Yacht of the 12 months<\/strong> en 2019, hasta el transatl\u00e1ntico Oceanbird, un barco alimentado por cinco velas plegables.<\/p>\n<p>Chantiers de l&#8217;Atlantique considera que el Strong Sail\/AeolDrive tambi\u00e9n podr\u00eda funcionar en el mercado de los superyates, pero se ha dise\u00f1ado pensando en los cruceros.<\/p>\n<p>El sector de los cruceros se encuentra actualmente en una especie de estancamiento tras la pandemia del virus Covid-19, con muchas navieras sufriendo p\u00e9rdidas financieras y con un futuro a\u00fan incierto.<\/p>\n<p>Sin embargo, se siguen construyendo cruceros y, al parecer, el sector est\u00e1 interesado en el concepto de navegaci\u00f3n de Chantiers de l&#8217;Atlantique.<\/p>\n<p>Por ejemplo, en 2020, <a rel=\"nofollow noopener\" target=\"_blank\" href=\"https:\/\/www.msccruisesusa.com\/\">MSC Cruises<\/a> firm\u00f3 un contrato para asociarse con Chantiers de l&#8217;Atlantique en futuros proyectos, incluido el desarrollo de cruceros a vela.<\/p>\n<\/div>\n<p><script>!function(f,b,e,v,n,t,s){if(f.fbq)return;n=f.fbq=function(){n.callMethod?n.callMethod.apply(n,arguments):n.queue.push(arguments)};if(!f._fbq)f._fbq=n;n.push=n;n.loaded=!0;n.version='2.0';n.queue=[];t=b.createElement(e);t.async=!0;t.src=v;s=b.getElementsByTagName(e)[0];s.parentNode.insertBefore(t,s)}(window,document,'script','https:\/\/connect.facebook.net\/en_US\/fbevents.js');fbq('init','1464046990282831',[],{\"agent\":\"pldrupal-8-8.8.6\"});fbq('track','PageView',[]);<\/script><script>!function(f,b,e,v,n,t,s){if(f.fbq)return;n=f.fbq=function(){n.callMethod?n.callMethod.apply(n,arguments):n.queue.push(arguments)};if(!f._fbq)f._fbq=n;n.push=n;n.loaded=!0;n.version='2.0';n.queue=[];t=b.createElement(e);t.async=!0;t.src=v;s=b.getElementsByTagName(e)[0];s.parentNode.insertBefore(t,s)}(window,document,'script','https:\/\/connect.facebook.net\/en_US\/fbevents.js');fbq('init','1464046990282831');fbq('track','PageView');<\/script><br \/>\n<br \/><\/p>\n<p><em> &#8221; Fuentes www.caribbeannewsdigital.com &#8221; <\/em><\/p>\n","protected":false},"excerpt":{"rendered":"<p>Redacci\u00f3n Caribbean Information Digital El astillero franc\u00e9s Chantiers de l&#8217;Atlantique proyecta construir cruceros rematados con llamativas velas &#8220;ecol\u00f3gicas&#8221; de 80 metros de altura, fabricadas con fibra de vidrio y carbono. El concepto Strong Sail\/AeolDrive reducir\u00eda las emisiones de los cruceros hasta en un 50%, seg\u00fan el astillero. Chantiers de l&#8217;Atlantique -que est\u00e1 detr\u00e1s del dise\u00f1o [&hellip;]<\/p>\n","protected":false},"author":4,"featured_media":84093,"comment_status":"open","ping_status":"closed","sticky":false,"template":"","format":"standard","meta":{"om_disable_all_campaigns":false,"jnews-multi-image_gallery":[],"jnews_single_post":[],"jnews_primary_category":[],"jnews_social_meta":[],"footnotes":""},"categories":[41],"tags":[],"class_list":["post-84092","post","type-post","status-publish","format-standard","has-post-thumbnail","hentry","category-cruceros"],"_links":{"self":[{"href":"https:\/\/dimensionturistica.com\/es\/wp-json\/wp\/v2\/posts\/84092","targetHints":{"allow":["GET"]}}],"collection":[{"href":"https:\/\/dimensionturistica.com\/es\/wp-json\/wp\/v2\/posts"}],"about":[{"href":"https:\/\/dimensionturistica.com\/es\/wp-json\/wp\/v2\/types\/post"}],"author":[{"embeddable":true,"href":"https:\/\/dimensionturistica.com\/es\/wp-json\/wp\/v2\/users\/4"}],"replies":[{"embeddable":true,"href":"https:\/\/dimensionturistica.com\/es\/wp-json\/wp\/v2\/comments?post=84092"}],"version-history":[{"count":0,"href":"https:\/\/dimensionturistica.com\/es\/wp-json\/wp\/v2\/posts\/84092\/revisions"}],"wp:featuredmedia":[{"embeddable":true,"href":"https:\/\/dimensionturistica.com\/es\/wp-json\/wp\/v2\/media\/84093"}],"wp:attachment":[{"href":"https:\/\/dimensionturistica.com\/es\/wp-json\/wp\/v2\/media?parent=84092"}],"wp:term":[{"taxonomy":"category","embeddable":true,"href":"https:\/\/dimensionturistica.com\/es\/wp-json\/wp\/v2\/categories?post=84092"},{"taxonomy":"post_tag","embeddable":true,"href":"https:\/\/dimensionturistica.com\/es\/wp-json\/wp\/v2\/tags?post=84092"}],"curies":[{"name":"wp","href":"https:\/\/api.w.org\/{rel}","templated":true}]}}