{"id":84036,"date":"2021-02-19T15:55:39","date_gmt":"2021-02-19T15:55:39","guid":{"rendered":"https:\/\/dimensionturistica.com\/es\/?p=84036"},"modified":"2021-02-19T15:55:40","modified_gmt":"2021-02-19T15:55:40","slug":"detienen-a-29-centroamericanos-en-caseta-de-huitzo-y-en-operativo-crucero-seguro","status":"publish","type":"post","link":"https:\/\/dimensionturistica.com\/es\/detienen-a-29-centroamericanos-en-caseta-de-huitzo-y-en-operativo-crucero-seguro\/","title":{"rendered":"Detienen a 29 centroamericanos en caseta de Huitzo y en operativo &#8220;Crucero Seguro&#8221;"},"content":{"rendered":"<p> <br \/>\n<\/p>\n<div>\n<p>Un complete de 29 personas, originarias de Centroam\u00e9rica, fueron arrestadas en las \u00faltimas horas en dos acciones distintas, mismas que quedaron a disposici\u00f3n del Instituto Nacional de Migraci\u00f3n a fin de verificar su estancia authorized en el pa\u00eds.<\/p>\n<p>El primer caso ocurri\u00f3 al mediod\u00eda del mi\u00e9rcoles, cuando elementos de la Guardia Nacional realizaron la inspecci\u00f3n a un autob\u00fas en la caseta de cobro Huitzo, de la autopista 135D.<\/p>\n<p>En dicha acci\u00f3n, se percataron de la presencia de 9 personas, entre ellas dos menores, al parecer originarias de Centroam\u00e9rica, ya que no pudieron acreditarse como ciudadanos mexicanos.<\/p>\n<p>Debido a ello, solicitaron apoyo de private del Instituto Nacional de Migraci\u00f3n (INM) que participaban en el operativo &#8220;Crucero Seguro&#8221; con elementos de la Polic\u00eda Municipal de Oaxaca de Ju\u00e1rez.<\/p>\n<p>El convoy se traslad\u00f3 a ese lugar para abordar a las personas y trasladarlas a las instalaciones del Instituto Nacional de Migraci\u00f3n (INM) para corroborar su estancia authorized en el pa\u00eds.<\/p>\n<h3>Sorprenden a otro grupo en camionetas de alquiler<\/h3>\n<p>Y al mediod\u00eda de ayer, el mismo private del Instituto Nacional de Migraci\u00f3n (INM) fue alertado por elementos de la Agencia Estatal de Investigaci\u00f3n (AEI) luego de descubrir a un grupo de 20 personas que viajaban en dos camioneta de alquiler de shade azul.<\/p>\n<p>Los veh\u00edculos fueron interceptados en la avenida Ferrocarril, en jurisdicci\u00f3n de San Sebasti\u00e1n Tutla a bordo de las dos camionetas de alquiler.<\/p>\n<p>Al descubrir que trasladaban a personas de origen centroamericano, fueron aseguradas y entregadas al private del INM, quienes fueron apoyados por elementos de la Polic\u00eda Municipal de Oaxaca de Ju\u00e1rez.<\/p>\n<p>\u00a0<\/p>\n<ul>\n<li>29 personas aseguradas<\/li>\n<li>2 camionetas en las que viajaba<\/li>\n<li>1 autob\u00fas, donde viajaban 9 personas<\/li>\n<\/ul>\n<\/div>\n<p><script>\n    (function(d, s, id) {\n      var js, fjs = d.getElementsByTagName(s)[0];\n      if (d.getElementById(id)) return;\n      js = d.createElement(s);\n      js.id = id;\n      js.src = \"https:\/\/connect.facebook.net\/es_LA\/sdk.js#xfbml=1&version=v2.6&appId=587761774665613\";\n      fjs.parentNode.insertBefore(js, fjs);\n    }(document, 'script', 'facebook-jssdk'));\n  <\/script><br \/>\n<br \/><\/p>\n<p><em> &#8221; Fuentes www.nvinoticias.com &#8221; <\/em><\/p>\n","protected":false},"excerpt":{"rendered":"<p>Un complete de 29 personas, originarias de Centroam\u00e9rica, fueron arrestadas en las \u00faltimas horas en dos acciones distintas, mismas que quedaron a disposici\u00f3n del Instituto Nacional de Migraci\u00f3n a fin de verificar su estancia authorized en el pa\u00eds. El primer caso ocurri\u00f3 al mediod\u00eda del mi\u00e9rcoles, cuando elementos de la Guardia Nacional realizaron la inspecci\u00f3n [&hellip;]<\/p>\n","protected":false},"author":4,"featured_media":0,"comment_status":"open","ping_status":"closed","sticky":false,"template":"","format":"standard","meta":{"om_disable_all_campaigns":false,"jnews-multi-image_gallery":[],"jnews_single_post":[],"jnews_primary_category":[],"jnews_social_meta":[],"footnotes":""},"categories":[41],"tags":[],"class_list":["post-84036","post","type-post","status-publish","format-standard","hentry","category-cruceros"],"_links":{"self":[{"href":"https:\/\/dimensionturistica.com\/es\/wp-json\/wp\/v2\/posts\/84036","targetHints":{"allow":["GET"]}}],"collection":[{"href":"https:\/\/dimensionturistica.com\/es\/wp-json\/wp\/v2\/posts"}],"about":[{"href":"https:\/\/dimensionturistica.com\/es\/wp-json\/wp\/v2\/types\/post"}],"author":[{"embeddable":true,"href":"https:\/\/dimensionturistica.com\/es\/wp-json\/wp\/v2\/users\/4"}],"replies":[{"embeddable":true,"href":"https:\/\/dimensionturistica.com\/es\/wp-json\/wp\/v2\/comments?post=84036"}],"version-history":[{"count":0,"href":"https:\/\/dimensionturistica.com\/es\/wp-json\/wp\/v2\/posts\/84036\/revisions"}],"wp:attachment":[{"href":"https:\/\/dimensionturistica.com\/es\/wp-json\/wp\/v2\/media?parent=84036"}],"wp:term":[{"taxonomy":"category","embeddable":true,"href":"https:\/\/dimensionturistica.com\/es\/wp-json\/wp\/v2\/categories?post=84036"},{"taxonomy":"post_tag","embeddable":true,"href":"https:\/\/dimensionturistica.com\/es\/wp-json\/wp\/v2\/tags?post=84036"}],"curies":[{"name":"wp","href":"https:\/\/api.w.org\/{rel}","templated":true}]}}