{"id":840346,"date":"2024-08-10T08:20:55","date_gmt":"2024-08-10T08:20:55","guid":{"rendered":"https:\/\/dimensionturistica.com\/es\/?p=840346"},"modified":"2024-08-10T08:20:55","modified_gmt":"2024-08-10T08:20:55","slug":"continua-la-temporada-de-verano-en-sonora-explora-los-destinos-mas-destacados-para-tus-vacaciones-en-la-region","status":"publish","type":"post","link":"https:\/\/dimensionturistica.com\/es\/continua-la-temporada-de-verano-en-sonora-explora-los-destinos-mas-destacados-para-tus-vacaciones-en-la-region\/","title":{"rendered":"Contin\u00faa la Temporada de Verano en Sonora: Explora los Destinos M\u00e1s Destacados para Tus Vacaciones en la Regi\u00f3n"},"content":{"rendered":"<p><strong>Explora la Magia del Verano en Sonora: Gu\u00eda de Destinos Imperdibles<\/strong><\/p>\n<p>Al pensar en vacaciones de verano, son muchos los destinos que pueden venir a la mente, pero hay un lugar destacado que, sin duda, deber\u00eda encabezar la lista: Sonora. Este estado del norte de M\u00e9xico es una caja de sorpresas y contrastes, donde se mezcla el calor del desierto con la frescura del oc\u00e9ano, creando un escenario perfecto para viajeros de todos los gustos. A continuaci\u00f3n, desplegamos ante ti una gu\u00eda de los lugares m\u00e1s encantadores y emocionantes para visitar en Sonora durante la temporada de verano.<\/p>\n<p><strong>Hermosillo, el Coraz\u00f3n de Sonora<\/strong><\/p>\n<p>Inicio obligado en nuestra ruta, Hermosillo no solo es la capital del estado, sino tambi\u00e9n el epicentro de una rica historia y cultura. Aprovecha para explorar sus calles, maravillarte con la impresionante Catedral de la Asunci\u00f3n y probar la gastronom\u00eda local en sus numerosos restaurantes. No te olvides de visitar el Cerro de la Campana, donde te espera una vista panor\u00e1mica que te dejar\u00e1 sin aliento.<\/p>\n<p><strong>La Majestuosidad de San Carlos<\/strong><\/p>\n<p>Si lo que buscas es conectar con la naturaleza y disfrutar de paisajes de ensue\u00f1o, San Carlos es tu destino. Este lugar te ofrece playas impresionantes, donde el agua cristalina del Mar de Cort\u00e9s se fusiona con el desierto, regal\u00e1ndote vistas \u00fanicas. Adem\u00e1s, es un sitio ideal para quienes aman las actividades al aire libre, como el buceo, la pesca y el kayak.<\/p>\n<p><strong>\u00c1lamos, un Viaje en el Tiempo<\/strong><\/p>\n<p>\u00c1lamos te transportar\u00e1 a otra \u00e9poca con su arquitectura colonial, sus calles empedradas y su atm\u00f3sfera tranquila. Este &quot;Pueblo M\u00e1gico&quot; es un para\u00edso para los amantes de la historia y la cultura. No dejes de visitar la Parroquia de la Pur\u00edsima Concepci\u00f3n y el Museo Costumbrista de Sonora para completar tu experiencia.<\/p>\n<p><strong>El Encanto de Puerto Pe\u00f1asco<\/strong><\/p>\n<p>Conocido cari\u00f1osamente como &quot;Rocky Point&quot;, Puerto Pe\u00f1asco es un destino que combina lo mejor de ambos mundos: actividades emocionantes y relajaci\u00f3n en sus playas de suave arena. Desde emocionantes paseos en cuatrimotos por las dunas hasta tranquilas tardes observando el atardecer, este lugar lo tiene todo. Es tambi\u00e9n un sitio privilegiado para el avistamiento de ballenas durante ciertas temporadas del a\u00f1o.<\/p>\n<p><strong>Bah\u00eda de Kino, el Tesoro Escondido<\/strong><\/p>\n<p>Para aquellos en busca de un escape m\u00e1s sereno, Bah\u00eda de Kino ofrece un refugio tranquilo lejos de las multitudes. Sus playas pr\u00edstinas son perfectas para d\u00edas de descanso bajo el sol, paseos en kayak y experiencias de buceo inolvidables donde podr\u00e1s maravillarte con la rica biodiversidad marina de la regi\u00f3n.<\/p>\n<p>En conclusi\u00f3n, Sonora es un destino que promete emociones, descubrimientos y relajaci\u00f3n. Este verano, te invitamos a explorar sus maravillas, desde sus desiertos hasta sus mares, y a sumergirte en las ricas tradiciones y hospitalidad de su gente. Sea cual sea tu preferencia en vacaciones, Sonora te espera con los brazos abiertos para hacerte vivir una experiencia inigualable. \u00a1Empaca tus maletas y prep\u00e1rate para un viaje que recordar\u00e1s por siempre!<\/p>\n<p><em> &#8221; Sources www.tribuna.com.mx &#8221; <\/em><\/p>\n<p><em> &#8221; Fuentes www.tribuna.com.mx &#8221; <\/em><\/p>\n","protected":false},"excerpt":{"rendered":"<p>Explora la Magia del Verano en Sonora: Gu\u00eda de Destinos Imperdibles Al pensar en vacaciones de verano, son muchos los destinos que pueden venir a la mente, pero hay un lugar destacado que, sin duda, deber\u00eda encabezar la lista: Sonora. Este estado del norte de M\u00e9xico es una caja de sorpresas y contrastes, donde se [&hellip;]<\/p>\n","protected":false},"author":4,"featured_media":840347,"comment_status":"open","ping_status":"closed","sticky":false,"template":"","format":"standard","meta":{"om_disable_all_campaigns":false,"jnews-multi-image_gallery":[],"jnews_single_post":[],"jnews_primary_category":[],"jnews_social_meta":[],"footnotes":""},"categories":[39],"tags":[1318,1253,1861,2873],"class_list":["post-840346","post","type-post","status-publish","format-standard","has-post-thumbnail","hentry","category-viajes","tag-destinos-turisticos","tag-sonora","tag-vacaciones","tag-verano"],"_links":{"self":[{"href":"https:\/\/dimensionturistica.com\/es\/wp-json\/wp\/v2\/posts\/840346","targetHints":{"allow":["GET"]}}],"collection":[{"href":"https:\/\/dimensionturistica.com\/es\/wp-json\/wp\/v2\/posts"}],"about":[{"href":"https:\/\/dimensionturistica.com\/es\/wp-json\/wp\/v2\/types\/post"}],"author":[{"embeddable":true,"href":"https:\/\/dimensionturistica.com\/es\/wp-json\/wp\/v2\/users\/4"}],"replies":[{"embeddable":true,"href":"https:\/\/dimensionturistica.com\/es\/wp-json\/wp\/v2\/comments?post=840346"}],"version-history":[{"count":0,"href":"https:\/\/dimensionturistica.com\/es\/wp-json\/wp\/v2\/posts\/840346\/revisions"}],"wp:featuredmedia":[{"embeddable":true,"href":"https:\/\/dimensionturistica.com\/es\/wp-json\/wp\/v2\/media\/840347"}],"wp:attachment":[{"href":"https:\/\/dimensionturistica.com\/es\/wp-json\/wp\/v2\/media?parent=840346"}],"wp:term":[{"taxonomy":"category","embeddable":true,"href":"https:\/\/dimensionturistica.com\/es\/wp-json\/wp\/v2\/categories?post=840346"},{"taxonomy":"post_tag","embeddable":true,"href":"https:\/\/dimensionturistica.com\/es\/wp-json\/wp\/v2\/tags?post=840346"}],"curies":[{"name":"wp","href":"https:\/\/api.w.org\/{rel}","templated":true}]}}