{"id":83976,"date":"2021-02-19T13:26:03","date_gmt":"2021-02-19T13:26:03","guid":{"rendered":"https:\/\/dimensionturistica.com\/es\/?p=83976"},"modified":"2021-02-19T13:26:03","modified_gmt":"2021-02-19T13:26:03","slug":"%e2%96%b7-por-que-no-se-enfrentaron-karrion-kross-y-santos-escobar-en-nxt-turnheelwrestling","status":"publish","type":"post","link":"https:\/\/dimensionturistica.com\/es\/%e2%96%b7-por-que-no-se-enfrentaron-karrion-kross-y-santos-escobar-en-nxt-turnheelwrestling\/","title":{"rendered":"\u25b7 \u00bfPor qu\u00e9 no se enfrentaron Karrion Kross y Santos Escobar en NXT? \u2022 TurnHeelWrestling"},"content":{"rendered":"<p> <br \/>\n<\/p>\n<div>\n<h2>El combate entre Karrion Kross y Santos Escobar estaba planeado para este mi\u00e9rcoles en NXT pero finalmente no se realiz\u00f3.<\/h2>\n<p>Como viene siendo routine, todos los mi\u00e9rcoles se lleva a cabo WWE NXT. Para esta semana, ten\u00edamos en la previa un combate bastante apetecible entre el precise Campe\u00f3n Crucero y l\u00edder del Legado del Fantasma, Santos Escobar, ante el ex Campe\u00f3n de NXT, Karrion Kross. Sorpresivamente, durante la transmisi\u00f3n de NXT, se mostr\u00f3 un v\u00eddeo donde Escobar alegaba que no iba a participar en dicho combate.<\/p>\n<p>William Regal respondi\u00f3 tajante comunicando que si la semana que viene en WWE NXT, Santos Escobar no disputa su combate, ser\u00e1 sancionado de empleo y sueldo, adem\u00e1s de ser despojado de su Campeonato Crucero. Pero, \u00bfpor qu\u00e9 Santos Escobar no acudi\u00f3 a su combate? Dave Meltzer dio la respuesta en Wrestling Observer Radio, a continuaci\u00f3n, sus declaraciones.<\/p>\n<blockquote class=\"wp-block-quote\">\n<p><strong>Hubo una raz\u00f3n m\u00e9dica que escuch\u00e9 ayer, martes, de que el combate no se iba a llevar a cabo.\u00a0No es una historia, fue una historia por necesidad y no una historia planificada.<\/strong><\/p>\n<p><strong>Se supon\u00eda que el combate iba a ocurrir en el programa de esta noche, pero no pudo.\u00a0Me sorprendi\u00f3 mucho que lo anunciaran para la pr\u00f3xima semana, pero lo hicieron.<\/strong><\/p>\n<\/blockquote>\n<p>Por las palabras parece ser que alguno de los luchadores, tanto Escobar o Karrion, estar\u00edan pasando por un peque\u00f1o problema m\u00e9dico, que impidi\u00f3 su combate durante el mi\u00e9rcoles por la noche, se desconoce quien ser\u00eda la superestrella que estar\u00eda pasando por este peque\u00f1o bache.<\/p>\n<p>La rivalidad entre ambos, surgi\u00f3 hace dos semanas, donde Escobar aleg\u00f3 que Karrion Kross no fue un gran campe\u00f3n ya que no defendi\u00f3 en ninguna ocasi\u00f3n el Campeonato de NXT, tras las palabras del Campe\u00f3n Crucero, Karrion Kross lo desafi\u00f3 a un encuentro entre ambos, con un previo ataque a los miembros restantes del Legado del Fantasma.<\/p>\n<p>Recuerda consultar\u00a0<a rel=\"nofollow noopener\" target=\"_blank\" href=\"https:\/\/turnheelwrestling.com\/\"><strong>TurnHeelWrestling<\/strong><\/a>\u00a0para estar al tanto de las \u00faltimas noticias sobre\u00a0<strong><a rel=\"nofollow noopener\" target=\"_blank\" href=\"https:\/\/turnheelwrestling.com\/wwe-noticias\">WWE<\/a><\/strong>,\u00a0<a rel=\"nofollow noopener\" target=\"_blank\" href=\"https:\/\/turnheelwrestling.com\/aew\"><strong>AEW<\/strong><\/a>\u00a0y dem\u00e1s compa\u00f1\u00edas de\u00a0<a rel=\"nofollow noopener\" target=\"_blank\" href=\"https:\/\/turnheelwrestling.com\/pro-wrestling\"><strong>Pro Wrestling<\/strong><\/a>. Adem\u00e1s, puedes seguirnos en nuestras redes sociales para no perderte ninguna de las novedades: <strong><a rel=\"nofollow noopener\" target=\"_blank\" href=\"https:\/\/twitter.com\/TurnHeelWres\">Twitter<\/a>, <a rel=\"nofollow noopener\" target=\"_blank\" href=\"https:\/\/www.facebook.com\/TurnHeelWrestling\/\">Facebook<\/a>, <a rel=\"nofollow noopener\" target=\"_blank\" href=\"https:\/\/discord.gg\/rcXwbCz\">Discord<\/a>, <a rel=\"nofollow noopener\" target=\"_blank\" href=\"https:\/\/www.youtube.com\/channel\/UCgSZMaIDvLHDyRxd4i--gYg\">YouTube<\/a>, <a rel=\"nofollow noopener\" target=\"_blank\" href=\"https:\/\/www.twitch.tv\/turnheelwrestling\">Twitch<\/a> <\/strong>e<strong> <a rel=\"nofollow noopener\" target=\"_blank\" href=\"https:\/\/www.instagram.com\/turnheelwres\/\">Instagram<\/a><\/strong>.<\/p>\n<\/div>\n<p><script async src=\"\/\/platform.twitter.com\/widgets.js\" charset=\"utf-8\"><\/script><script async defer src=\"https:\/\/platform.instagram.com\/en_US\/embeds.js\"><\/script><br \/>\n<br \/><\/p>\n<p><em> &#8221; Fuentes turnheelwrestling.com &#8221; <\/em><\/p>\n","protected":false},"excerpt":{"rendered":"<p>El combate entre Karrion Kross y Santos Escobar estaba planeado para este mi\u00e9rcoles en NXT pero finalmente no se realiz\u00f3. Como viene siendo routine, todos los mi\u00e9rcoles se lleva a cabo WWE NXT. Para esta semana, ten\u00edamos en la previa un combate bastante apetecible entre el precise Campe\u00f3n Crucero y l\u00edder del Legado del Fantasma, [&hellip;]<\/p>\n","protected":false},"author":4,"featured_media":83977,"comment_status":"open","ping_status":"closed","sticky":false,"template":"","format":"standard","meta":{"om_disable_all_campaigns":false,"jnews-multi-image_gallery":[],"jnews_single_post":[],"jnews_primary_category":[],"jnews_social_meta":[],"footnotes":""},"categories":[41],"tags":[],"class_list":["post-83976","post","type-post","status-publish","format-standard","has-post-thumbnail","hentry","category-cruceros"],"_links":{"self":[{"href":"https:\/\/dimensionturistica.com\/es\/wp-json\/wp\/v2\/posts\/83976","targetHints":{"allow":["GET"]}}],"collection":[{"href":"https:\/\/dimensionturistica.com\/es\/wp-json\/wp\/v2\/posts"}],"about":[{"href":"https:\/\/dimensionturistica.com\/es\/wp-json\/wp\/v2\/types\/post"}],"author":[{"embeddable":true,"href":"https:\/\/dimensionturistica.com\/es\/wp-json\/wp\/v2\/users\/4"}],"replies":[{"embeddable":true,"href":"https:\/\/dimensionturistica.com\/es\/wp-json\/wp\/v2\/comments?post=83976"}],"version-history":[{"count":0,"href":"https:\/\/dimensionturistica.com\/es\/wp-json\/wp\/v2\/posts\/83976\/revisions"}],"wp:featuredmedia":[{"embeddable":true,"href":"https:\/\/dimensionturistica.com\/es\/wp-json\/wp\/v2\/media\/83977"}],"wp:attachment":[{"href":"https:\/\/dimensionturistica.com\/es\/wp-json\/wp\/v2\/media?parent=83976"}],"wp:term":[{"taxonomy":"category","embeddable":true,"href":"https:\/\/dimensionturistica.com\/es\/wp-json\/wp\/v2\/categories?post=83976"},{"taxonomy":"post_tag","embeddable":true,"href":"https:\/\/dimensionturistica.com\/es\/wp-json\/wp\/v2\/tags?post=83976"}],"curies":[{"name":"wp","href":"https:\/\/api.w.org\/{rel}","templated":true}]}}