{"id":83958,"date":"2021-02-19T13:00:40","date_gmt":"2021-02-19T13:00:40","guid":{"rendered":"https:\/\/dimensionturistica.com\/es\/?p=83958"},"modified":"2021-02-19T13:00:40","modified_gmt":"2021-02-19T13:00:40","slug":"el-cf-intercity-coge-velocidad-de-crucero-hacia-el-ascenso","status":"publish","type":"post","link":"https:\/\/dimensionturistica.com\/es\/el-cf-intercity-coge-velocidad-de-crucero-hacia-el-ascenso\/","title":{"rendered":"El CF Intercity coge velocidad de crucero hacia el ascenso"},"content":{"rendered":"<p> <br \/>\n<\/p>\n<div>\n<p>Cinco partidos le quedan al <strong>CF Intercity<\/strong> para finalizar la primera fase en el Grupo V de Tercera Divisi\u00f3n. Los hombres de negro se quedaron a las puertas del <strong>ascenso<\/strong> la temporada pasada y este a\u00f1o est\u00e1n trabajando al 200% para que no vuelva a ocurrir. El equipo est\u00e1 en una racha positiva, llevan as soon as partidos sin perder y han sumado nueve de los \u00faltimos nueve puntos en juego.<\/p>\n<p>El equipo <strong>cambi\u00f3 de entrenador<\/strong> porque los resultados esperados no llegaban al comienzo de temporada y ahora est\u00e1n viviendo los frutos del cambio. El camino no est\u00e1 terminado y ahora tienen cinco partidos clave donde deben seguir y la t\u00f3nica de las \u00faltimas semanas para escalar posiciones y tratar de acabar la primera fase en la primera posici\u00f3n del Grupo Sur de Tercera.<\/p>\n<blockquote>\n<p><strong>El CF Intercity no quiere que se le escape el ascenso<\/strong><\/p>\n<\/blockquote>\n<h2><strong>La racha lleg\u00f3 lejos de casa<\/strong><\/h2>\n<p>El equipo de Sant Joan comenz\u00f3 la temporada de manera consecutiva y en la primera parte de la misma no consigui\u00f3 enlazar dos victorias consecutivas. La racha de <strong>tres victorias consecutivas<\/strong>, frente al Villajoyosa, al Jove y al H\u00e9rcules B, ha llegado lejos de casa y eso ha dado alas a los hombres de negro.<\/p>\n<figure id=\"attachment_379960\" aria-describedby=\"caption-attachment-379960\" style=\"width: 440px\" class=\"wp-caption aligncenter  golsmedia-inner-image-caption\"><img decoding=\"async\" class=\"attachment-golsmedia_inner_mobile_v size-golsmedia_inner_mobile_v golsmedia-inner-image\" src=\"https:\/\/dimensionturistica.com\/es\/wp-content\/uploads\/2021\/02\/El-CF-Intercity-coge-velocidad-de-crucero-hacia-el-ascenso.jpg\"   alt=\"\" width=\"440\" height=\"248\"\/><figcaption id=\"caption-attachment-379960\" class=\"wp-caption-text\">El Intercity firm\u00f3 cuatro goles en Villajoyosa. Foto: Raquel Cuartero.<\/figcaption><\/figure>\n<h2><strong>Calendario por delante<\/strong><\/h2>\n<p>Este fin de semana disputan un duelo clave para el liderato del Grupo Sur. Reciben en casa al <strong>CD Eldense<\/strong>, que est\u00e1 l\u00edder, al que superar\u00edan en caso de victoria. Tras este encuentro disputaran un partido aplazado frente al colista del grupo, el <strong>Novelda CF<\/strong>, y posteriormente recibir\u00e1n al <strong>Crevillente<\/strong> y al <strong>Villajoyosa<\/strong> y viajar\u00e1n para jugar frente a la <strong>UD SIA Benig\u00e0nim<\/strong>.<\/p>\n<p>\u00a0<\/p>\n<\/p><\/div>\n\n<p><em> &#8221; Fuentes golsmedia.com &#8221; <\/em><\/p>\n","protected":false},"excerpt":{"rendered":"<p>Cinco partidos le quedan al CF Intercity para finalizar la primera fase en el Grupo V de Tercera Divisi\u00f3n. Los hombres de negro se quedaron a las puertas del ascenso la temporada pasada y este a\u00f1o est\u00e1n trabajando al 200% para que no vuelva a ocurrir. El equipo est\u00e1 en una racha positiva, llevan as [&hellip;]<\/p>\n","protected":false},"author":4,"featured_media":83959,"comment_status":"open","ping_status":"closed","sticky":false,"template":"","format":"standard","meta":{"om_disable_all_campaigns":false,"jnews-multi-image_gallery":[],"jnews_single_post":[],"jnews_primary_category":[],"jnews_social_meta":[],"footnotes":""},"categories":[41],"tags":[],"class_list":["post-83958","post","type-post","status-publish","format-standard","has-post-thumbnail","hentry","category-cruceros"],"_links":{"self":[{"href":"https:\/\/dimensionturistica.com\/es\/wp-json\/wp\/v2\/posts\/83958","targetHints":{"allow":["GET"]}}],"collection":[{"href":"https:\/\/dimensionturistica.com\/es\/wp-json\/wp\/v2\/posts"}],"about":[{"href":"https:\/\/dimensionturistica.com\/es\/wp-json\/wp\/v2\/types\/post"}],"author":[{"embeddable":true,"href":"https:\/\/dimensionturistica.com\/es\/wp-json\/wp\/v2\/users\/4"}],"replies":[{"embeddable":true,"href":"https:\/\/dimensionturistica.com\/es\/wp-json\/wp\/v2\/comments?post=83958"}],"version-history":[{"count":0,"href":"https:\/\/dimensionturistica.com\/es\/wp-json\/wp\/v2\/posts\/83958\/revisions"}],"wp:featuredmedia":[{"embeddable":true,"href":"https:\/\/dimensionturistica.com\/es\/wp-json\/wp\/v2\/media\/83959"}],"wp:attachment":[{"href":"https:\/\/dimensionturistica.com\/es\/wp-json\/wp\/v2\/media?parent=83958"}],"wp:term":[{"taxonomy":"category","embeddable":true,"href":"https:\/\/dimensionturistica.com\/es\/wp-json\/wp\/v2\/categories?post=83958"},{"taxonomy":"post_tag","embeddable":true,"href":"https:\/\/dimensionturistica.com\/es\/wp-json\/wp\/v2\/tags?post=83958"}],"curies":[{"name":"wp","href":"https:\/\/api.w.org\/{rel}","templated":true}]}}