{"id":83956,"date":"2021-02-19T12:52:18","date_gmt":"2021-02-19T12:52:18","guid":{"rendered":"https:\/\/dimensionturistica.com\/es\/?p=83956"},"modified":"2021-02-19T12:52:18","modified_gmt":"2021-02-19T12:52:18","slug":"un-motociclista-lesionado-tras-accidente-en-el-crucero","status":"publish","type":"post","link":"https:\/\/dimensionturistica.com\/es\/un-motociclista-lesionado-tras-accidente-en-el-crucero\/","title":{"rendered":"Un motociclista lesionado tras accidente en El Crucero"},"content":{"rendered":"<p> <br \/>\n<\/p>\n<div id=\"the-post\">\n<div class=\"featured-area\">\n<div class=\"featured-area-inner\">\n<figure class=\"single-featured-image\"><a rel=\"nofollow noopener\" target=\"_blank\" href=\"https:\/\/www.resumendelaregion.com\/wp-content\/uploads\/2021\/02\/IMG-20210218-WA0099.jpg\" class=\"lightbox-enabled\"><img decoding=\"async\" width=\"720\" height=\"470\" src=\"https:\/\/www.resumendelaregion.com\/wp-content\/uploads\/2021\/02\/IMG-20210218-WA0099-720x470.jpg\" class=\"attachment-jannah-image-post size-jannah-image-post wp-post-image\" alt=\"IMG 20210218 WA0099 - Diario Resumen de la regi\u00f3n\" loading=\"lazy\"\/><\/a><\/figure>\n<\/div>\n<\/div>\n<div class=\"entry-content entry clearfix\">\n<p>Un nuevo accidente de tr\u00e1nsito tuvo lugar en la tarde de ayer en la Rotonda del Crucero, hacia Ruta C-45.<\/p>\n<p>En el lugar, por causas desconocidas, el conductor de una camioneta Toyota HCI, un hombre de 49 a\u00f1os quien viajaba acompa\u00f1ado de una mujer, colision\u00f3 contra una motocicleta Motomel 150 en la que iba a bordo un joven de 29 a\u00f1os.<\/p>\n<div class=\"AdResumen-noticia-cuerpo1\" style=\"text-align: center; \" id=\"AdResumen-1745465362\">\n<p>\u00a0<\/p>\n<div style=\"margin-left: auto; margin-right: auto; text-align: center; \" id=\"AdResumen-663920562\"><a rel=\"nofollow noopener\" target=\"_blank\" href=\"https:\/\/www.facebook.com\/PlenaGold\/\"><img decoding=\"async\" loading=\"lazy\" src=\"https:\/\/www.resumendelaregion.com\/wp-content\/uploads\/2018\/12\/plena-gold-banner-1.gif\" alt=\"\" width=\"336\" height=\"280\" style=\"display: inline-block;\"\/><\/a><\/div>\n<\/div>\n<p>En el lugar trabaj\u00f3 el servicio de Vittal quienes trasladaron al conductor del rodado menor al Hospital native con escoriaciones menores en codo y rodilla.<\/p>\n<\/p><\/div><\/div>\n<p><script data-cfasync=\"false\">(function(d, s, id){\n\t\t\t\t\t  var js, fjs = d.getElementsByTagName(s)[0];\n\t\t\t\t\t  if (d.getElementById(id)) return;\n\t\t\t\t\t  js = d.createElement(s); js.id = id;\n\t\t\t\t\t  js.src = \"https:\/\/connect.facebook.net\/es_ES\/sdk.js#xfbml=1&version=v3.2\";\n\t\t\t\t\t  fjs.parentNode.insertBefore(js, fjs);\n\t\t\t\t\t}(document, 'script', 'facebook-jssdk'));<\/script><script type=\"text\/javascript\">(function() {document.getElementById('ufc-button-div').style.display = 'none'; document.getElementById('ufc-button').style.display = 'none'; function ufc_async_load() { var element = document.getElementById('comments').getBoundingClientRect();\n        if (document.getElementById('facebook-jssdk')) return; if ( element.top < window.innerHeight ) { (function(d, s, id) {\n        var js, fjs = d.getElementsByTagName(s)[0];\n        if (d.getElementById(id)) return;\n        js = d.createElement(s);\n        js.id = id;\n        js.async = true;\n        js.src=\"https:\/\/connect.facebook.net\/es_LA\/sdk.js#xfbml=1&#038;autoLogAppEvents=1&#038;version=v7.0&#038;appId=265451963493407\";\n        fjs.parentNode.insertBefore(js, fjs);\n        }(document, 'script', 'facebook-jssdk'));\n         }; };if (window.addEventListener) {\n        window.addEventListener( 'scroll', ufc_async_load, false );\n    } else if (window.attachEvent) {\n        window.attachEvent( 'onscroll', ufc_async_load );\n    }})();<\/script><br \/>\n<br \/><\/p>\n<p><em> \" Fuentes www.resumendelaregion.com \" <\/em><\/p>\n","protected":false},"excerpt":{"rendered":"<p>Un nuevo accidente de tr\u00e1nsito tuvo lugar en la tarde de ayer en la Rotonda del Crucero, hacia Ruta C-45. En el lugar, por causas desconocidas, el conductor de una camioneta Toyota HCI, un hombre de 49 a\u00f1os quien viajaba acompa\u00f1ado de una mujer, colision\u00f3 contra una motocicleta Motomel 150 en la que iba a [&hellip;]<\/p>\n","protected":false},"author":4,"featured_media":0,"comment_status":"open","ping_status":"closed","sticky":false,"template":"","format":"standard","meta":{"om_disable_all_campaigns":false,"jnews-multi-image_gallery":[],"jnews_single_post":[],"jnews_primary_category":[],"jnews_social_meta":[],"footnotes":""},"categories":[41],"tags":[],"class_list":["post-83956","post","type-post","status-publish","format-standard","hentry","category-cruceros"],"_links":{"self":[{"href":"https:\/\/dimensionturistica.com\/es\/wp-json\/wp\/v2\/posts\/83956","targetHints":{"allow":["GET"]}}],"collection":[{"href":"https:\/\/dimensionturistica.com\/es\/wp-json\/wp\/v2\/posts"}],"about":[{"href":"https:\/\/dimensionturistica.com\/es\/wp-json\/wp\/v2\/types\/post"}],"author":[{"embeddable":true,"href":"https:\/\/dimensionturistica.com\/es\/wp-json\/wp\/v2\/users\/4"}],"replies":[{"embeddable":true,"href":"https:\/\/dimensionturistica.com\/es\/wp-json\/wp\/v2\/comments?post=83956"}],"version-history":[{"count":0,"href":"https:\/\/dimensionturistica.com\/es\/wp-json\/wp\/v2\/posts\/83956\/revisions"}],"wp:attachment":[{"href":"https:\/\/dimensionturistica.com\/es\/wp-json\/wp\/v2\/media?parent=83956"}],"wp:term":[{"taxonomy":"category","embeddable":true,"href":"https:\/\/dimensionturistica.com\/es\/wp-json\/wp\/v2\/categories?post=83956"},{"taxonomy":"post_tag","embeddable":true,"href":"https:\/\/dimensionturistica.com\/es\/wp-json\/wp\/v2\/tags?post=83956"}],"curies":[{"name":"wp","href":"https:\/\/api.w.org\/{rel}","templated":true}]}}