{"id":838950,"date":"2024-08-09T02:05:09","date_gmt":"2024-08-09T02:05:09","guid":{"rendered":"https:\/\/dimensionturistica.com\/es\/?p=838950"},"modified":"2024-08-09T02:05:09","modified_gmt":"2024-08-09T02:05:09","slug":"yucatan-fortalece-vinculos-con-el-sector-turistico-de-sudamerica","status":"publish","type":"post","link":"https:\/\/dimensionturistica.com\/es\/yucatan-fortalece-vinculos-con-el-sector-turistico-de-sudamerica\/","title":{"rendered":"Yucat\u00e1n Fortalece V\u00ednculos con el Sector Tur\u00edstico de Sudam\u00e9rica"},"content":{"rendered":"<p><strong>El Esplendor de Yucat\u00e1n Brilla en Suram\u00e9rica<\/strong><\/p>\n<p>En un mundo cada vez m\u00e1s conectado, la belleza y herencia cultural de Yucat\u00e1n se est\u00e1n posicionando como joyas preciadas en el espectro tur\u00edstico internacional. Recientemente, este id\u00edlico destino ha entrelazado lazos significativos con el mercado sudamericano, prometiendo una alianza que se pinta tanto de oportunidades como de experiencias inolvidables para los viajeros de ambos hemisferios.<\/p>\n<p>Situado en el sureste mexicano, Yucat\u00e1n es una tierra de contrastes donde el azul turquesa de sus playas se fusiona con el verde esmeralda de su vegetaci\u00f3n. Este estado no solo es el guardi\u00e1n de incontables vestigios arqueol\u00f3gicos mayas sino que tambi\u00e9n se enorgullece de sus contempor\u00e1neas expresiones culturales, gastronom\u00eda inigualable y hospitalidad sin par.<\/p>\n<p>Entendiendo la importancia de ampliar horizontes, Yucat\u00e1n ha decidido estrechar lazos con la industria tur\u00edstica sudamericana. Esta nueva alianza busca abrir caminos en mercados hasta ahora poco explorados, promoviendo intercambios culturales y tur\u00edsticos que enriquezcan tanto a visitantes como a anfitriones. Con acciones concretas como la participaci\u00f3n en ferias tur\u00edsticas internacionales y la implementaci\u00f3n de estrategias de comunicaci\u00f3n dirigidas espec\u00edficamente al p\u00fablico sudamericano, Yucat\u00e1n se esmera por ser el destino preferido de Am\u00e9rica Latina.<\/p>\n<p>El potencial de esta sinergia es vasto. Para los viajeros sudamericanos, Yucat\u00e1n representa una oportunidad de sumergirse en una cultura rica y vibrante, experimentar la majestuosidad de las antiguas civilizaciones mayas y deleitarse con una gastronom\u00eda que es patrimonio de la humanidad. Las playas v\u00edrgenes y reservas naturales de la pen\u00ednsula ofrecen el marco perfecto para una aventura inolvidable o un descanso sereno en la inmensidad del Caribe.<\/p>\n<p>Por supuesto, el inter\u00e9s es mutuo. Los visitantes de Yucat\u00e1n, a su vez, se convierten en embajadores de la riqueza cultural sudamericana, llevando consigo recuerdos y experiencias que fortalecen los lazos entre ambas regiones. La m\u00fasica, danza, arte y gastronom\u00eda sudamericanas encuentran una plataforma de expresi\u00f3n y apreciaci\u00f3n en Yucat\u00e1n, promoviendo un di\u00e1logo intercultural que beneficia a todas las partes.<\/p>\n<p>En esta era de globalizaci\u00f3n, la iniciativa de Yucat\u00e1n destaca por su visi\u00f3n de futuro y su compromiso con el enriquecimiento cultural y tur\u00edstico. Mientras el mundo parece encogerse, oportunidades como estas recuerdan a los viajeros y a los anfitriones la importancia de abrir puertas, tender puentes y compartir la riqueza inigualable de nuestras culturas.<\/p>\n<p>As\u00ed, mientras Yucat\u00e1n se prepara para recibir con brazos abiertos a los visitantes sudamericanos, invita tambi\u00e9n al mundo a redescubrir su esplendor, arraigado en la tradici\u00f3n pero siempre mirando hacia el futuro. En este cruce de caminos, el legado maya se encuentra con la vitalidad sudamericana, creando un tejido de experiencias que prometen encantar y educar a quienes tengan la fortuna de vivirlas.<\/p>\n<p><em> &#8221; Sources yucatanahora.mx &#8221; <\/em><\/p>\n<p><em> &#8221; Sources yucatanahora.mx &#8221; <\/em><\/p>\n","protected":false},"excerpt":{"rendered":"<p>El Esplendor de Yucat\u00e1n Brilla en Suram\u00e9rica En un mundo cada vez m\u00e1s conectado, la belleza y herencia cultural de Yucat\u00e1n se est\u00e1n posicionando como joyas preciadas en el espectro tur\u00edstico internacional. Recientemente, este id\u00edlico destino ha entrelazado lazos significativos con el mercado sudamericano, prometiendo una alianza que se pinta tanto de oportunidades como de [&hellip;]<\/p>\n","protected":false},"author":4,"featured_media":838951,"comment_status":"open","ping_status":"closed","sticky":false,"template":"","format":"standard","meta":{"om_disable_all_campaigns":false,"jnews-multi-image_gallery":[],"jnews_single_post":[],"jnews_primary_category":[],"jnews_social_meta":[],"footnotes":""},"categories":[40],"tags":[1296,183982,2291,544,2504],"class_list":["post-838950","post","type-post","status-publish","format-standard","has-post-thumbnail","hentry","category-industria","tag-industria-turistica","tag-reforzamiento-de-lazos","tag-sudamerica","tag-turismo","tag-yucatan"],"_links":{"self":[{"href":"https:\/\/dimensionturistica.com\/es\/wp-json\/wp\/v2\/posts\/838950","targetHints":{"allow":["GET"]}}],"collection":[{"href":"https:\/\/dimensionturistica.com\/es\/wp-json\/wp\/v2\/posts"}],"about":[{"href":"https:\/\/dimensionturistica.com\/es\/wp-json\/wp\/v2\/types\/post"}],"author":[{"embeddable":true,"href":"https:\/\/dimensionturistica.com\/es\/wp-json\/wp\/v2\/users\/4"}],"replies":[{"embeddable":true,"href":"https:\/\/dimensionturistica.com\/es\/wp-json\/wp\/v2\/comments?post=838950"}],"version-history":[{"count":0,"href":"https:\/\/dimensionturistica.com\/es\/wp-json\/wp\/v2\/posts\/838950\/revisions"}],"wp:featuredmedia":[{"embeddable":true,"href":"https:\/\/dimensionturistica.com\/es\/wp-json\/wp\/v2\/media\/838951"}],"wp:attachment":[{"href":"https:\/\/dimensionturistica.com\/es\/wp-json\/wp\/v2\/media?parent=838950"}],"wp:term":[{"taxonomy":"category","embeddable":true,"href":"https:\/\/dimensionturistica.com\/es\/wp-json\/wp\/v2\/categories?post=838950"},{"taxonomy":"post_tag","embeddable":true,"href":"https:\/\/dimensionturistica.com\/es\/wp-json\/wp\/v2\/tags?post=838950"}],"curies":[{"name":"wp","href":"https:\/\/api.w.org\/{rel}","templated":true}]}}