{"id":837953,"date":"2024-07-22T23:43:24","date_gmt":"2024-07-22T23:43:24","guid":{"rendered":"https:\/\/dimensionturistica.com\/es\/?p=837953"},"modified":"2024-07-22T23:43:24","modified_gmt":"2024-07-22T23:43:24","slug":"las-companias-aereas-enfrentan-dificultades-a-pesar-del-crecimiento-de-los-desplazamientos-durante-el-periodo-estival","status":"publish","type":"post","link":"https:\/\/dimensionturistica.com\/es\/las-companias-aereas-enfrentan-dificultades-a-pesar-del-crecimiento-de-los-desplazamientos-durante-el-periodo-estival\/","title":{"rendered":"Las compa\u00f1\u00edas a\u00e9reas enfrentan dificultades a pesar del crecimiento de los desplazamientos durante el periodo estival"},"content":{"rendered":"<p><strong>El despegue tras la tormenta: El futuro de los viajes a\u00e9reos en tiempos post-pand\u00e9micos<\/strong><\/p>\n<p>En un mundo que comienza a respirar tras el azote de la pandemia, la industria a\u00e9rea enfrenta un horizonte lleno de desaf\u00edos y oportunidades. Tras un per\u00edodo de turbulencias sin precedentes, marcado por restricciones de viaje y fronteras cerradas, el verano se perfila como la temporada de la esperanza, con un incremento significativo en la demanda de viajes a\u00e9reos.<\/p>\n<p>Las aerol\u00edneas, que sufrieron una ca\u00edda estrepitosa en sus operaciones y finanzas, ahora vuelven a llenar sus aviones, aunque la recuperaci\u00f3n no est\u00e1 exenta de contratiempos. Las compa\u00f1\u00edas a\u00e9reas se ven presionadas por varios factores que ponen a prueba su capacidad de adaptaci\u00f3n y resiliencia. Entre estos se encuentran el aumento en los precios del combustible, un elemento cr\u00edtico que influye directamente en los costos operativos, as\u00ed como la necesidad de reintegrar y expandir plantillas para responder a la creciente demanda.<\/p>\n<p>A pesar de estas adversidades, el verano augura un alivio significativo. El af\u00e1n de explorar nuevos destinos, reencontrarse con seres queridos o simplemente disfrutar de unas merecidas vacaciones, dibuja un panorama optimista para el sector. Los viajeros, hambrientos de aventuras tras largos meses de confinamiento, est\u00e1n listos para volver a surcar los cielos, demostrando una fortaleza en la demanda que sorprende incluso a los m\u00e1s optimistas.<\/p>\n<p>Sin embargo, la recuperaci\u00f3n de la industria a\u00e9rea no se limita a satisfacer el auge moment\u00e1neo de pasajeros ansiosos por viajar. Las aerol\u00edneas enfrentan el reto de reinventarse y adaptarse a un nuevo panorama, donde la sostenibilidad y la experiencia digital del usuario ganan protagonismo. La reducci\u00f3n de la huella de carbono, la mejora en la eficiencia de los vuelos y la implementaci\u00f3n de tecnolog\u00edas que agilicen el tr\u00e1nsito por aeropuertos, son solo algunos de los aspectos donde la innovaci\u00f3n juega un papel clave.<\/p>\n<p>A pesar de los obst\u00e1culos, el horizonte parece prometedor. Las medidas de sanidad e higiene implementadas contribuyen a generar confianza entre los viajeros, mientras las oportunidades de descubrir destinos menos conocidos se abren paso en un sector donde la diversificaci\u00f3n ser\u00e1 vital para superar esta etapa.<\/p>\n<p>Como testigos de una era de cambio sin precedentes, aquellos involucrados en el mundo de los viajes a\u00e9reos &#8211; desde aerol\u00edneas hasta viajeros &#8211; son part\u00edcipes de una transformaci\u00f3n que redefine la manera en que concebimos el acto de viajar. Frente a los desaf\u00edos, la industria a\u00e9rea demuestra su capacidad de adaptaci\u00f3n, marcando el comienzo de un prometedor despegue hacia un futuro lleno de posibilidades. Mientras tanto, el verano se perfila como el tel\u00f3n de fondo perfecto para redescubrir el placer de viajar, convirti\u00e9ndose en el s\u00edmbolo de un sector que, aunque golpeado, nunca dej\u00f3 de mirar hacia el cielo.<\/p>\n<p><em> &#8221; Sources mx.investing.com &#8221; <\/em><\/p>\n<p><em> &#8221; Fuentes mx.investing.com &#8221; <\/em><\/p>\n","protected":false},"excerpt":{"rendered":"<p>El despegue tras la tormenta: El futuro de los viajes a\u00e9reos en tiempos post-pand\u00e9micos En un mundo que comienza a respirar tras el azote de la pandemia, la industria a\u00e9rea enfrenta un horizonte lleno de desaf\u00edos y oportunidades. Tras un per\u00edodo de turbulencias sin precedentes, marcado por restricciones de viaje y fronteras cerradas, el verano [&hellip;]<\/p>\n","protected":false},"author":4,"featured_media":837954,"comment_status":"open","ping_status":"closed","sticky":false,"template":"","format":"standard","meta":{"om_disable_all_campaigns":false,"jnews-multi-image_gallery":[],"jnews_single_post":[],"jnews_primary_category":[],"jnews_social_meta":[],"footnotes":""},"categories":[39],"tags":[803,1547,2873,545,183784],"class_list":["post-837953","post","type-post","status-publish","format-standard","has-post-thumbnail","hentry","category-viajes","tag-aerolineas","tag-aumento","tag-verano","tag-viajes","tag-vientos-en-contra"],"_links":{"self":[{"href":"https:\/\/dimensionturistica.com\/es\/wp-json\/wp\/v2\/posts\/837953","targetHints":{"allow":["GET"]}}],"collection":[{"href":"https:\/\/dimensionturistica.com\/es\/wp-json\/wp\/v2\/posts"}],"about":[{"href":"https:\/\/dimensionturistica.com\/es\/wp-json\/wp\/v2\/types\/post"}],"author":[{"embeddable":true,"href":"https:\/\/dimensionturistica.com\/es\/wp-json\/wp\/v2\/users\/4"}],"replies":[{"embeddable":true,"href":"https:\/\/dimensionturistica.com\/es\/wp-json\/wp\/v2\/comments?post=837953"}],"version-history":[{"count":0,"href":"https:\/\/dimensionturistica.com\/es\/wp-json\/wp\/v2\/posts\/837953\/revisions"}],"wp:featuredmedia":[{"embeddable":true,"href":"https:\/\/dimensionturistica.com\/es\/wp-json\/wp\/v2\/media\/837954"}],"wp:attachment":[{"href":"https:\/\/dimensionturistica.com\/es\/wp-json\/wp\/v2\/media?parent=837953"}],"wp:term":[{"taxonomy":"category","embeddable":true,"href":"https:\/\/dimensionturistica.com\/es\/wp-json\/wp\/v2\/categories?post=837953"},{"taxonomy":"post_tag","embeddable":true,"href":"https:\/\/dimensionturistica.com\/es\/wp-json\/wp\/v2\/tags?post=837953"}],"curies":[{"name":"wp","href":"https:\/\/api.w.org\/{rel}","templated":true}]}}