{"id":83650,"date":"2021-02-18T21:10:19","date_gmt":"2021-02-18T21:10:19","guid":{"rendered":"https:\/\/dimensionturistica.com\/es\/?p=83650"},"modified":"2021-02-18T21:10:19","modified_gmt":"2021-02-18T21:10:19","slug":"po-cruises-realiza-el-nombramiento-de-su-segundo-crucero-propulsado-por-gnl","status":"publish","type":"post","link":"https:\/\/dimensionturistica.com\/es\/po-cruises-realiza-el-nombramiento-de-su-segundo-crucero-propulsado-por-gnl\/","title":{"rendered":"P&#038;O Cruises realiza el nombramiento de su segundo crucero propulsado por GNL"},"content":{"rendered":"<p> <br \/>\n<\/p>\n<div>\n<div class=\"wpb_wrapper\">\n<p><span id=\"more-87861\"\/><strong>Por Redacci\u00f3n PortalCruceros.cl<\/strong><\/p>\n<p><strong>@PortalCruceros<\/strong><\/p>\n<hr\/>\n<p style=\"text-align: justify;\">El segundo barco de clase Excel propulsado por GNL de<strong> P&amp;O Cruises<\/strong>, que se unir\u00e1 a la flota en diciembre de 2022, se llamar\u00e1 <strong>Arvia.<\/strong><\/p>\n<p style=\"text-align: justify;\"><img decoding=\"async\" loading=\"lazy\" class=\"alignright wp-image-87863\" src=\"https:\/\/dimensionturistica.com\/es\/wp-content\/uploads\/2021\/02\/PO-Cruises-realiza-el-nombramiento-de-su-segundo-crucero-propulsado.jpg\" alt=\"\" width=\"434\" height=\"208\"  \/>Arvia, que significa \u201cdesde la orilla del mar\u201d, <strong>ser\u00e1 el barco gemelo de Iona<\/strong> y los cruceros en Arvia saldr\u00e1n a la venta el pr\u00f3ximo mes.<\/p>\n<p style=\"text-align: justify;\">El <strong>presidente de P&amp;O Cruises, Paul Ludlow,<\/strong> dijo que \u201cArvia se unir\u00e1 a Iona como un barco innovador y enfocado en el futuro que ofrece unas vacaciones excepcionales, variadas y contempor\u00e1neas. Arvia ha sido dise\u00f1ado para viajar al sol durante todo el a\u00f1o y maximizar las vistas del oc\u00e9ano y la costa desde todos los lugares a bordo, por lo que parec\u00eda un nombre muy apropiado y que reflejar\u00e1 la experiencia de los hu\u00e9spedes a bordo\u201d.<\/p>\n<p style=\"text-align: justify;\">\u201cLa orilla del mar es conocida por sus propiedades relajantes y su tranquilidad, y unas vacaciones en Arvia, de hecho, celebrar\u00e1n esto y tendr\u00e1n la relajaci\u00f3n en su coraz\u00f3n. Las cualidades rejuvenecedoras y reconstituyentes de un paseo por la playa y el vigorizante aire marino se reflejar\u00e1n en las experiencias tanto a bordo como en tierra, as\u00ed como en el vasto espacio a bordo que nos ha permitido incluir una serie de caracter\u00edsticas nuevas y extraordinarias\u201d, expres\u00f3.<\/p>\n<p style=\"text-align: justify;\">El nombre del barco de 184,700 toneladas se dio a conocer a trav\u00e9s de un video en redes sociales.<\/p>\n<hr\/><\/div><\/div>\n\n<p><em> &#8221; Fuentes portalcruceros.cl &#8221; <\/em><\/p>\n","protected":false},"excerpt":{"rendered":"<p>Por Redacci\u00f3n PortalCruceros.cl @PortalCruceros El segundo barco de clase Excel propulsado por GNL de P&amp;O Cruises, que se unir\u00e1 a la flota en diciembre de 2022, se llamar\u00e1 Arvia. Arvia, que significa \u201cdesde la orilla del mar\u201d, ser\u00e1 el barco gemelo de Iona y los cruceros en Arvia saldr\u00e1n a la venta el pr\u00f3ximo mes. [&hellip;]<\/p>\n","protected":false},"author":4,"featured_media":83651,"comment_status":"open","ping_status":"closed","sticky":false,"template":"","format":"standard","meta":{"om_disable_all_campaigns":false,"jnews-multi-image_gallery":[],"jnews_single_post":[],"jnews_primary_category":[],"jnews_social_meta":[],"footnotes":""},"categories":[41],"tags":[],"class_list":["post-83650","post","type-post","status-publish","format-standard","has-post-thumbnail","hentry","category-cruceros"],"_links":{"self":[{"href":"https:\/\/dimensionturistica.com\/es\/wp-json\/wp\/v2\/posts\/83650","targetHints":{"allow":["GET"]}}],"collection":[{"href":"https:\/\/dimensionturistica.com\/es\/wp-json\/wp\/v2\/posts"}],"about":[{"href":"https:\/\/dimensionturistica.com\/es\/wp-json\/wp\/v2\/types\/post"}],"author":[{"embeddable":true,"href":"https:\/\/dimensionturistica.com\/es\/wp-json\/wp\/v2\/users\/4"}],"replies":[{"embeddable":true,"href":"https:\/\/dimensionturistica.com\/es\/wp-json\/wp\/v2\/comments?post=83650"}],"version-history":[{"count":0,"href":"https:\/\/dimensionturistica.com\/es\/wp-json\/wp\/v2\/posts\/83650\/revisions"}],"wp:featuredmedia":[{"embeddable":true,"href":"https:\/\/dimensionturistica.com\/es\/wp-json\/wp\/v2\/media\/83651"}],"wp:attachment":[{"href":"https:\/\/dimensionturistica.com\/es\/wp-json\/wp\/v2\/media?parent=83650"}],"wp:term":[{"taxonomy":"category","embeddable":true,"href":"https:\/\/dimensionturistica.com\/es\/wp-json\/wp\/v2\/categories?post=83650"},{"taxonomy":"post_tag","embeddable":true,"href":"https:\/\/dimensionturistica.com\/es\/wp-json\/wp\/v2\/tags?post=83650"}],"curies":[{"name":"wp","href":"https:\/\/api.w.org\/{rel}","templated":true}]}}