{"id":836165,"date":"2024-07-18T23:43:14","date_gmt":"2024-07-18T23:43:14","guid":{"rendered":"https:\/\/dimensionturistica.com\/es\/?p=836165"},"modified":"2024-07-18T23:43:14","modified_gmt":"2024-07-18T23:43:14","slug":"aerolineas-anticipan-un-aumento-al-doble-en-el-numero-de-viajeros-en-los-proximos-20-anos","status":"publish","type":"post","link":"https:\/\/dimensionturistica.com\/es\/aerolineas-anticipan-un-aumento-al-doble-en-el-numero-de-viajeros-en-los-proximos-20-anos\/","title":{"rendered":"Aerol\u00edneas anticipan un aumento al doble en el n\u00famero de viajeros en los pr\u00f3ximos 20 a\u00f1os"},"content":{"rendered":"<p><strong>El Cielo se Abre: Una Futura Doble Ola de Viajeros Revoluciona el Turismo<\/strong><\/p>\n<p>En medio de los retos presentes, si algo ha ense\u00f1ado la resilencia al sector tur\u00edstico y a\u00e9reo es mirar siempre hacia adelante. Hoy, las proyecciones elevan la mirada hacia el horizonte, esperando un panorama alentador y, por qu\u00e9 no, un poco m\u00e1s ajetreado. Con una estimaci\u00f3n que planea llevar nuestra atenci\u00f3n de vuelta hacia las alturas, las industrias vinculadas al viaje por aire se preparan para una era dorada futura.<\/p>\n<p>Actualmente se prev\u00e9, en un plazo de dos d\u00e9cadas, un incremento monumental en el flujo de pasajeros por aire, estableciendo un pron\u00f3stico que puede f\u00e1cilmente catalogarse como el doble de los niveles contempor\u00e1neos. Esta predicci\u00f3n no s\u00f3lo significa m\u00e1s personas viajando, explorando y descubriendo el mundo, sino que tambi\u00e9n marca pautas sobre c\u00f3mo las aerol\u00edneas, los destinos tur\u00edsticos, y todos los actores involucrados, planear\u00e1n acomodar semejante crecimiento.<\/p>\n<p>Bajo este escenario, las estrategias para afrontar el ascenso implican desde ampliaciones en infraestructuras aeroportuarias hasta innovaciones significativas en planes de sostenibilidad, pasando ineludiblemente por reformulaciones en la experiencia de vuelo. Las aerol\u00edneas en particular, se ven empujadas a reinventar sus flotas con aeronaves m\u00e1s eficientes y amigables con el medio ambiente, vislumbrando una etapa donde la eficacia y la ecolog\u00eda caminen de la mano.<\/p>\n<p>En la era de la informaci\u00f3n digital y el auge de la tecnolog\u00eda, este desbordante incremento en pasajeros trae consigo exigencias de conectividad, confort y conveniencia elevados a la m\u00e1xima potencia. Las experiencias personalizadas, que van desde la facilidad de check-ins automatizados hasta entretenimientos a bordo adaptados al gusto del viajero, marcar\u00e1n el punto de partida hacia la diferenciaci\u00f3n y la captura del coraz\u00f3n viajero.<\/p>\n<p>Por otro lado, la expansi\u00f3n planificada abre ventanas de oro para destinos emergentes, aquellos rincones del mundo deseosos de ser descubiertos y disfrutados, que ahora tendr\u00e1n oportunidad de figurar en el mapa global del turismo gracias a la mayor disponibilidad y deseos de exploraci\u00f3n de los viajantes. Esto, mientras tanto, supone un llamado a la acci\u00f3n inminente sobre la preservaci\u00f3n de estos entornos y la promoci\u00f3n de pr\u00e1cticas tur\u00edsticas responsables.<\/p>\n<p>Finalmente, considerando este crecimiento pronosticado, el entretejido de culturas, conocimientos y experiencias promete enriquecer a\u00fan m\u00e1s el tejido social mundial, tejiendo puentes entre horizontes lejanos e impulsando un intercambio m\u00e1s profundo y significativo a trav\u00e9s de las nubes.<\/p>\n<p>Como espectadores y part\u00edcipes en este viaje hacia el futuro del turismo a\u00e9reo, no queda m\u00e1s que mantenerse atentos y preparados para el despegue hacia una era prometedora, que sin duda alguna, transformar\u00e1 los paradigmas del viaje y la exploraci\u00f3n. La promesa de un mundo a\u00fan m\u00e1s conectado y accesible aguarda, y junto a ella, un sinf\u00edn de aventuras por narrar. El cielo, lejos de ser el l\u00edmite, se perfila como el inicio de un viaje sin precedentes.<\/p>\n<p><em> &#8221; Sources diario.mx &#8221; <\/em><\/p>\n<p><em> &#8221; Fuentes diario.mx &#8221; <\/em><\/p>\n","protected":false},"excerpt":{"rendered":"<p>El Cielo se Abre: Una Futura Doble Ola de Viajeros Revoluciona el Turismo En medio de los retos presentes, si algo ha ense\u00f1ado la resilencia al sector tur\u00edstico y a\u00e9reo es mirar siempre hacia adelante. Hoy, las proyecciones elevan la mirada hacia el horizonte, esperando un panorama alentador y, por qu\u00e9 no, un poco m\u00e1s [&hellip;]<\/p>\n","protected":false},"author":4,"featured_media":836166,"comment_status":"open","ping_status":"closed","sticky":false,"template":"","format":"standard","meta":{"om_disable_all_campaigns":false,"jnews-multi-image_gallery":[],"jnews_single_post":[],"jnews_primary_category":[],"jnews_social_meta":[],"footnotes":""},"categories":[39],"tags":[1654,183244,16061,37872,183243],"class_list":["post-836165","post","type-post","status-publish","format-standard","has-post-thumbnail","hentry","category-viajes","tag-aviacion","tag-crecimiento-de-pasajeros","tag-industria-aerea","tag-planificacion-de-viajes","tag-proyecciones-futuras"],"_links":{"self":[{"href":"https:\/\/dimensionturistica.com\/es\/wp-json\/wp\/v2\/posts\/836165","targetHints":{"allow":["GET"]}}],"collection":[{"href":"https:\/\/dimensionturistica.com\/es\/wp-json\/wp\/v2\/posts"}],"about":[{"href":"https:\/\/dimensionturistica.com\/es\/wp-json\/wp\/v2\/types\/post"}],"author":[{"embeddable":true,"href":"https:\/\/dimensionturistica.com\/es\/wp-json\/wp\/v2\/users\/4"}],"replies":[{"embeddable":true,"href":"https:\/\/dimensionturistica.com\/es\/wp-json\/wp\/v2\/comments?post=836165"}],"version-history":[{"count":0,"href":"https:\/\/dimensionturistica.com\/es\/wp-json\/wp\/v2\/posts\/836165\/revisions"}],"wp:featuredmedia":[{"embeddable":true,"href":"https:\/\/dimensionturistica.com\/es\/wp-json\/wp\/v2\/media\/836166"}],"wp:attachment":[{"href":"https:\/\/dimensionturistica.com\/es\/wp-json\/wp\/v2\/media?parent=836165"}],"wp:term":[{"taxonomy":"category","embeddable":true,"href":"https:\/\/dimensionturistica.com\/es\/wp-json\/wp\/v2\/categories?post=836165"},{"taxonomy":"post_tag","embeddable":true,"href":"https:\/\/dimensionturistica.com\/es\/wp-json\/wp\/v2\/tags?post=836165"}],"curies":[{"name":"wp","href":"https:\/\/api.w.org\/{rel}","templated":true}]}}