{"id":835401,"date":"2024-07-17T19:16:23","date_gmt":"2024-07-17T19:16:23","guid":{"rendered":"https:\/\/dimensionturistica.com\/es\/?p=835401"},"modified":"2024-07-17T19:16:23","modified_gmt":"2024-07-17T19:16:23","slug":"encuentro-con-empleados-de-uber","status":"publish","type":"post","link":"https:\/\/dimensionturistica.com\/es\/encuentro-con-empleados-de-uber\/","title":{"rendered":"Encuentro con Empleados de Uber"},"content":{"rendered":"<h3><strong>Un futuro prometedor para el turismo y el transporte en Santa Fe<\/strong><\/h3>\n<p>En el coraz\u00f3n de Argentina, la ciudad de Santa Fe se posiciona como un destino prometedor para exploradores urbanos y aficionados a la cultura. Con una rica historia, arquitectura colonial, y una creciente escena culinaria, no es de extra\u00f1ar que tanto locales como visitantes busquen mejores maneras de recorrer esta joya de la regi\u00f3n. En los \u00faltimos tiempos, un debate vibrante surge en torno a la modernizaci\u00f3n y adaptaci\u00f3n del sector de transportes en la ciudad, marcando un posible punto de inflexi\u00f3n en c\u00f3mo nos movemos y descubrimos los rincones m\u00e1s encantadores de Santa Fe.<\/p>\n<p>Las aplicaciones de viajes, conocidas por su conveniencia y eficiencia en otras grandes urbes del mundo, han entrado en escena, generando tanto entusiasmo como dudas entre los santafesinos. La llegada de estos modernos servicios promete revolucionar la manera en que residentes y turistas experimentan la ciudad, ofreciendo nuevas v\u00edas para explorar sus encantos con tan solo unos clics en el m\u00f3vil.<\/p>\n<p>Una de las claves de este cambio es la inclusi\u00f3n y democratizaci\u00f3n del transporte. Las negociaciones entre las autoridades locales, representantes de los trabajadores del transporte tradicional y las empresas de aplicaciones m\u00f3viles est\u00e1n en marcha, con el objetivo de garantizar un marco regulador que beneficie a todas las partes. Esta apuesta no solo pretende mejorar la calidad del servicio para los usuarios sino tambi\u00e9n asegurar condiciones laborales justas para los conductores, una preocupaci\u00f3n fundamental en el di\u00e1logo.<\/p>\n<p>Esta inminente transformaci\u00f3n viene en un momento oportuno, ya que Santa Fe busca fortalecer su atractivo tur\u00edstico. La integraci\u00f3n de opciones de transporte m\u00e1s flexibles y accesibles puede significar un gran avance para la industria local de turismo. Los viajeros podr\u00e1n disfrutar de una movilidad ininterrumpida, desde el momento de su llegada hasta su partida, facilitando accesos a puntos de inter\u00e9s menos explorados y permitiendo vivir la ciudad de una manera m\u00e1s aut\u00e9ntica y personalizada.<\/p>\n<p>Imaginemos el potencial: reservas en tiempo real a trav\u00e9s de smartphones, valoraciones y recomendaciones que gu\u00eden a los usuarios hacia los mejores destinos culinarios, hist\u00f3ricos y culturales, y una conexi\u00f3n m\u00e1s profunda entre los barrios hist\u00f3ricos y las nuevas atracciones emergentes. Los beneficios podr\u00edan ser inmensos, tanto para la econom\u00eda local como para la satisfacci\u00f3n de los visitantes.<\/p>\n<p>Sin embargo, este futuro prometedor viene acompa\u00f1ado de desaf\u00edos. La adopci\u00f3n efectiva de estas tecnolog\u00edas requiere de una infraestructura robusta, programas de formaci\u00f3n para los conductores, y sobre todo, un marco legal claro que proteja a todas las partes involucradas. El debate abierto en Santa Fe es un reflejo de un deseo colectivo por avanzar, pero tambi\u00e9n una muestra de la cautela necesaria para realizar cambios significativos con responsabilidad.<\/p>\n<p>Para los aficionados al turismo que buscan nuevas aventuras, Santa Fe se perfila no solo como un destino cautivador por su belleza y cultura, sino tambi\u00e9n como un ejemplo de adaptaci\u00f3n e innovaci\u00f3n en el transporte urbano. Mantener un equilibrio entre progreso y protecci\u00f3n ser\u00e1 clave para este nuevo cap\u00edtulo en la historia de la ciudad, una historia que, sin duda, queremos seguir explorando.<\/p>\n<p><em> &#8221; Sources www.unosantafe.com.ar &#8221; <\/em><\/p>\n<p><em> &#8221; Fuentes www.unosantafe.com.ar &#8221; <\/em><\/p>\n","protected":false},"excerpt":{"rendered":"<p>Un futuro prometedor para el turismo y el transporte en Santa Fe En el coraz\u00f3n de Argentina, la ciudad de Santa Fe se posiciona como un destino prometedor para exploradores urbanos y aficionados a la cultura. Con una rica historia, arquitectura colonial, y una creciente escena culinaria, no es de extra\u00f1ar que tanto locales como [&hellip;]<\/p>\n","protected":false},"author":4,"featured_media":835402,"comment_status":"open","ping_status":"closed","sticky":false,"template":"","format":"standard","meta":{"om_disable_all_campaigns":false,"jnews-multi-image_gallery":[],"jnews_single_post":[],"jnews_primary_category":[],"jnews_social_meta":[],"footnotes":""},"categories":[39],"tags":[7976,3966,1537],"class_list":["post-835401","post","type-post","status-publish","format-standard","has-post-thumbnail","hentry","category-viajes","tag-reunion","tag-trabajadores","tag-uber"],"_links":{"self":[{"href":"https:\/\/dimensionturistica.com\/es\/wp-json\/wp\/v2\/posts\/835401","targetHints":{"allow":["GET"]}}],"collection":[{"href":"https:\/\/dimensionturistica.com\/es\/wp-json\/wp\/v2\/posts"}],"about":[{"href":"https:\/\/dimensionturistica.com\/es\/wp-json\/wp\/v2\/types\/post"}],"author":[{"embeddable":true,"href":"https:\/\/dimensionturistica.com\/es\/wp-json\/wp\/v2\/users\/4"}],"replies":[{"embeddable":true,"href":"https:\/\/dimensionturistica.com\/es\/wp-json\/wp\/v2\/comments?post=835401"}],"version-history":[{"count":0,"href":"https:\/\/dimensionturistica.com\/es\/wp-json\/wp\/v2\/posts\/835401\/revisions"}],"wp:featuredmedia":[{"embeddable":true,"href":"https:\/\/dimensionturistica.com\/es\/wp-json\/wp\/v2\/media\/835402"}],"wp:attachment":[{"href":"https:\/\/dimensionturistica.com\/es\/wp-json\/wp\/v2\/media?parent=835401"}],"wp:term":[{"taxonomy":"category","embeddable":true,"href":"https:\/\/dimensionturistica.com\/es\/wp-json\/wp\/v2\/categories?post=835401"},{"taxonomy":"post_tag","embeddable":true,"href":"https:\/\/dimensionturistica.com\/es\/wp-json\/wp\/v2\/tags?post=835401"}],"curies":[{"name":"wp","href":"https:\/\/api.w.org\/{rel}","templated":true}]}}