{"id":83514,"date":"2021-02-18T16:34:40","date_gmt":"2021-02-18T16:34:40","guid":{"rendered":"https:\/\/dimensionturistica.com\/es\/?p=83514"},"modified":"2021-02-18T16:34:40","modified_gmt":"2021-02-18T16:34:40","slug":"mantienen-dialogo-con-trabajadores-en-cruceros-de-cuernavaca","status":"publish","type":"post","link":"https:\/\/dimensionturistica.com\/es\/mantienen-dialogo-con-trabajadores-en-cruceros-de-cuernavaca\/","title":{"rendered":"Mantienen di\u00e1logo con trabajadores en cruceros de Cuernavaca"},"content":{"rendered":"<p> <br \/>\n<\/p>\n<div property=\"content:encoded\">\n<h2 class=\"rtejustify\">Private de la Comisi\u00f3n Estatal de Seguridad P\u00fablica visit\u00f3 los cruceros de \u00c1lvaro Obreg\u00f3n, Las Palmas, Paseo Cuauhn\u00e1huac, Jacarandas y Avenida Plan de Ayala<\/h2>\n<p class=\"rtejustify\"><strong>CUERNAVACA, MORELOS.- <\/strong>Como parte de la atenci\u00f3n que se les brinda a todos los sectores de la sociedad, la Comisi\u00f3n Estatal de Seguridad P\u00fablica Ces Morelos, a trav\u00e9s del Centro Estatal de Prevenci\u00f3n Social de la Violencia y Delincuencia con Participaci\u00f3n Ciudadana, brind\u00f3 pl\u00e1ticas a las personas que laboran en los cruceros a fin de prevenir la comisi\u00f3n de un delito.<\/p>\n<p class=\"rtejustify\">En atenci\u00f3n a la petici\u00f3n realizada por el grupo de mujeres integrantes de \u201cSem\u00e1foro Seguro\u201d, Anabel Banda Ru\u00edz, directora normal del Centro Estatal de Prevenci\u00f3n Social, as\u00ed como\u00a0private del \u00e1rea llevaron a cabo un acercamiento con las personas que laboran en los cruceros de \u00c1lvaro Obreg\u00f3n, Las Palmas, Paseo Cuauhn\u00e1huac, Jacarandas y Avenida Plan de Ayala del municipio de Cuernavaca.<\/p>\n<p class=\"rtejustify\">Lo anterior, con la finalidad de generar espacios seguros y libres de violencia, as\u00ed como proporcionarles informaci\u00f3n para fomentar la participaci\u00f3n ciudadana, una cultura de prevenci\u00f3n y autoprotecci\u00f3n.<\/p>\n<p class=\"rtejustify\">Dichas actividades, se efectuaron en coordinaci\u00f3n con private de la Secretar\u00eda de Seguridad P\u00fablica del municipio de Cuernavaca, as\u00ed como oficiales de la Polic\u00eda de G\u00e9nero.<\/p>\n<p class=\"rtejustify\">La Comisi\u00f3n Estatal de Seguridad P\u00fablica del Estado continuar\u00e1 generando acciones que permitan crear un ambiente de tranquilidad entre los ciudadanos en distintos municipios y pone a su disposici\u00f3n los tel\u00e9fonos de Emergencias 911 y 089 Denuncia An\u00f3nima.<\/p>\n<p><strong>Por\u00a0REDACCI\u00d3N DDM \/ <a rel=\"nofollow noopener\" target=\"_blank\" href=\"https:\/\/www.diariodemorelos.com\/noticias\/mailto:local@diariodemorelos.com\">local@diariodemorelos.com<\/a><\/strong><\/p>\n<\/div>\n<p><script>(function(d, s, id) {\n  var js, fjs = d.getElementsByTagName(s)[0];\n  if (d.getElementById(id)) {return;}\n  js = d.createElement(s); js.id = id;\n  js.src = \"https:\/\/connect.facebook.net\/es_LA\/all.js#xfbml=1\";\n  fjs.parentNode.insertBefore(js, fjs);\n}(document, \"script\", \"facebook-jssdk\"));<\/script><br \/>\n<br \/><\/p>\n<p><em> &#8221; Fuentes www.diariodemorelos.com &#8221; <\/em><\/p>\n","protected":false},"excerpt":{"rendered":"<p>Private de la Comisi\u00f3n Estatal de Seguridad P\u00fablica visit\u00f3 los cruceros de \u00c1lvaro Obreg\u00f3n, Las Palmas, Paseo Cuauhn\u00e1huac, Jacarandas y Avenida Plan de Ayala CUERNAVACA, MORELOS.- Como parte de la atenci\u00f3n que se les brinda a todos los sectores de la sociedad, la Comisi\u00f3n Estatal de Seguridad P\u00fablica Ces Morelos, a trav\u00e9s del Centro Estatal [&hellip;]<\/p>\n","protected":false},"author":4,"featured_media":83515,"comment_status":"open","ping_status":"closed","sticky":false,"template":"","format":"standard","meta":{"om_disable_all_campaigns":false,"jnews-multi-image_gallery":[],"jnews_single_post":[],"jnews_primary_category":[],"jnews_social_meta":[],"footnotes":""},"categories":[41],"tags":[],"class_list":["post-83514","post","type-post","status-publish","format-standard","has-post-thumbnail","hentry","category-cruceros"],"_links":{"self":[{"href":"https:\/\/dimensionturistica.com\/es\/wp-json\/wp\/v2\/posts\/83514","targetHints":{"allow":["GET"]}}],"collection":[{"href":"https:\/\/dimensionturistica.com\/es\/wp-json\/wp\/v2\/posts"}],"about":[{"href":"https:\/\/dimensionturistica.com\/es\/wp-json\/wp\/v2\/types\/post"}],"author":[{"embeddable":true,"href":"https:\/\/dimensionturistica.com\/es\/wp-json\/wp\/v2\/users\/4"}],"replies":[{"embeddable":true,"href":"https:\/\/dimensionturistica.com\/es\/wp-json\/wp\/v2\/comments?post=83514"}],"version-history":[{"count":0,"href":"https:\/\/dimensionturistica.com\/es\/wp-json\/wp\/v2\/posts\/83514\/revisions"}],"wp:featuredmedia":[{"embeddable":true,"href":"https:\/\/dimensionturistica.com\/es\/wp-json\/wp\/v2\/media\/83515"}],"wp:attachment":[{"href":"https:\/\/dimensionturistica.com\/es\/wp-json\/wp\/v2\/media?parent=83514"}],"wp:term":[{"taxonomy":"category","embeddable":true,"href":"https:\/\/dimensionturistica.com\/es\/wp-json\/wp\/v2\/categories?post=83514"},{"taxonomy":"post_tag","embeddable":true,"href":"https:\/\/dimensionturistica.com\/es\/wp-json\/wp\/v2\/tags?post=83514"}],"curies":[{"name":"wp","href":"https:\/\/api.w.org\/{rel}","templated":true}]}}