{"id":834673,"date":"2024-07-16T15:35:02","date_gmt":"2024-07-16T15:35:02","guid":{"rendered":"https:\/\/dimensionturistica.com\/es\/?p=834673"},"modified":"2024-07-16T15:35:02","modified_gmt":"2024-07-16T15:35:02","slug":"como-viajar-este-verano-sin-tener-que-facturar-tu-equipaje-consejos-clave-para-empacar-ligero","status":"publish","type":"post","link":"https:\/\/dimensionturistica.com\/es\/como-viajar-este-verano-sin-tener-que-facturar-tu-equipaje-consejos-clave-para-empacar-ligero\/","title":{"rendered":"C\u00f3mo Viajar este Verano Sin Tener que Facturar tu Equipaje: Consejos Clave para Empacar Ligero"},"content":{"rendered":"<h3>Viajar Ligero: Una Oda a la Simplicidad y la Libertad<\/h3>\n<p>En medio de una avalancha de turistas abarrotando los aeropuertos cada verano, emerge una tendencia que promete renovar nuestra experiencia de viaje: explorar el mundo sin el lastre de un equipaje facturado. Esta modalidad no solo agiliza nuestros movimientos, sino que nos invita a redescubrir la joya de viajar ligero, enriqueciendo as\u00ed nuestra aventura con simplicidad y autonom\u00eda.<\/p>\n<p><strong>Un Desaf\u00edo Atractivo<\/strong><\/p>\n<p>Viajar sin facturar maleta puede parecer un desaf\u00edo a primera vista, pero se convierte r\u00e1pidamente en una liberaci\u00f3n. Imagina desplazarte de un lugar a otro sin esperar ansiosamente tu maleta en la cinta transportadora, sin el temor constante de una p\u00e9rdida o da\u00f1o a tus pertenencias. Esta modalidad te propone un viaje sin ataduras, donde la espontaneidad y la flexibilidad se convierten en tus mejores aliadas.<\/p>\n<p><strong>Claves para el \u00c9xito<\/strong><\/p>\n<p>Para embarcarte en esta aventura, la organizaci\u00f3n es clave. Selecciona cuidadosamente tu vestuario apostando por la versatilidad y la comodidad, privilegiando aquellas prendas que puedes combinar f\u00e1cilmente y que sirven para m\u00faltiples ocasiones. Opta por tejidos ligeros y de r\u00e1pido secado, y no olvides la regla de oro: llevar la mitad de lo que crees necesitar. <\/p>\n<p>Otro aspecto fundamental es la elecci\u00f3n del equipaje de mano. Busca una maleta o mochila que sea resistente, pero ligera y que cumpla con las normativas de dimensiones de las aerol\u00edneas con las que viajar\u00e1s. Aprovechar el espacio al m\u00e1ximo es un arte: utiliza bolsas de compresi\u00f3n, organiza tu espacio por capas o roles y considera llevar una bolsa adicional plegable por si necesitas espacio extra durante tu regreso.<\/p>\n<p><strong>Beneficios m\u00e1s All\u00e1 de lo Pr\u00e1ctico<\/strong><\/p>\n<p>Pero viajar ligero trasciende la mera comodidad f\u00edsica. Esta pr\u00e1ctica nos invita a reflexionar sobre lo esencial, no solo en nuestro equipaje, sino en la vida misma. Aprendemos a valorar las experiencias sobre las posesiones, a disfrutar m\u00e1s con menos. La simplicidad se traduce en una mayor movilidad, permiti\u00e9ndonos explorar con una agilidad pocas veces experimentada.<\/p>\n<p><strong>Una Experiencia Transformadora<\/strong><\/p>\n<p>Quienes han optado por esta forma de viajar destacan la paz mental que trae consigo. Libertad es la palabra que mejor lo define: la libertad de moverse a voluntad, de tomar decisiones de \u00faltimo momento, de enfrentarse a lo desconocido con menos peso sobre los hombros, tanto literal como metaf\u00f3ricamente. <\/p>\n<p>En conclusi\u00f3n, viajar sin facturar equipaje es mucho m\u00e1s que una tendencia. Es una invitaci\u00f3n a embarcarnos en un viaje hacia la simplicidad y la libertad, elementos que, ir\u00f3nicamente, enriquecen nuestra experiencia de viaje de manera profunda y duradera. Este verano, te animo a probar esta modalidad. Podr\u00edas descubrir que, en efecto, menos es m\u00e1s cuando se trata de explorar el mundo.<\/p>\n<p><em> &#8221; Sources amp.epe.es &#8221; <\/em><\/p>\n<p><em> &#8221; Fuentes amp.epe.es &#8221; <\/em><\/p>\n","protected":false},"excerpt":{"rendered":"<p>Viajar Ligero: Una Oda a la Simplicidad y la Libertad En medio de una avalancha de turistas abarrotando los aeropuertos cada verano, emerge una tendencia que promete renovar nuestra experiencia de viaje: explorar el mundo sin el lastre de un equipaje facturado. Esta modalidad no solo agiliza nuestros movimientos, sino que nos invita a redescubrir [&hellip;]<\/p>\n","protected":false},"author":4,"featured_media":834674,"comment_status":"open","ping_status":"closed","sticky":false,"template":"","format":"standard","meta":{"om_disable_all_campaigns":false,"jnews-multi-image_gallery":[],"jnews_single_post":[],"jnews_primary_category":[],"jnews_social_meta":[],"footnotes":""},"categories":[39],"tags":[803,29522,3472,182811,653,544,2873,182810,545],"class_list":["post-834673","post","type-post","status-publish","format-standard","has-post-thumbnail","hentry","category-viajes","tag-aerolineas","tag-consejos-de-viaje","tag-equipaje-de-mano","tag-organizacion-del-equipaje","tag-transporte","tag-turismo","tag-verano","tag-viajar-sin-facturar","tag-viajes"],"_links":{"self":[{"href":"https:\/\/dimensionturistica.com\/es\/wp-json\/wp\/v2\/posts\/834673","targetHints":{"allow":["GET"]}}],"collection":[{"href":"https:\/\/dimensionturistica.com\/es\/wp-json\/wp\/v2\/posts"}],"about":[{"href":"https:\/\/dimensionturistica.com\/es\/wp-json\/wp\/v2\/types\/post"}],"author":[{"embeddable":true,"href":"https:\/\/dimensionturistica.com\/es\/wp-json\/wp\/v2\/users\/4"}],"replies":[{"embeddable":true,"href":"https:\/\/dimensionturistica.com\/es\/wp-json\/wp\/v2\/comments?post=834673"}],"version-history":[{"count":0,"href":"https:\/\/dimensionturistica.com\/es\/wp-json\/wp\/v2\/posts\/834673\/revisions"}],"wp:featuredmedia":[{"embeddable":true,"href":"https:\/\/dimensionturistica.com\/es\/wp-json\/wp\/v2\/media\/834674"}],"wp:attachment":[{"href":"https:\/\/dimensionturistica.com\/es\/wp-json\/wp\/v2\/media?parent=834673"}],"wp:term":[{"taxonomy":"category","embeddable":true,"href":"https:\/\/dimensionturistica.com\/es\/wp-json\/wp\/v2\/categories?post=834673"},{"taxonomy":"post_tag","embeddable":true,"href":"https:\/\/dimensionturistica.com\/es\/wp-json\/wp\/v2\/tags?post=834673"}],"curies":[{"name":"wp","href":"https:\/\/api.w.org\/{rel}","templated":true}]}}