{"id":834584,"date":"2024-07-16T12:32:02","date_gmt":"2024-07-16T12:32:02","guid":{"rendered":"https:\/\/dimensionturistica.com\/es\/?p=834584"},"modified":"2024-07-16T12:32:02","modified_gmt":"2024-07-16T12:32:02","slug":"descubriendo-la-esencia-de-sao-paulo-una-fusion-de-culturas-japonesa-y-herencia-africana-oculta-turismo","status":"publish","type":"post","link":"https:\/\/dimensionturistica.com\/es\/descubriendo-la-esencia-de-sao-paulo-una-fusion-de-culturas-japonesa-y-herencia-africana-oculta-turismo\/","title":{"rendered":"Descubriendo la Esencia de Sao Paulo: Una Fusi\u00f3n de Culturas Japonesa y Herencia Africana Oculta | Turismo"},"content":{"rendered":"<p>Explorando el Barrio de Liberdade en S\u00e3o Paulo: Un Encuentro Cultural \u00danico<\/p>\n<p>Bienvenidos a uno de los encuentros culturales m\u00e1s fascinantes de Am\u00e9rica Latina, donde la cultura japonesa se entremezcla con la historia afrobrasile\u00f1a en una expresiva danza de tradiciones, colores e historias. Nos sumergimos en el coraz\u00f3n de S\u00e3o Paulo para descubrir uno de sus distritos m\u00e1s emblem\u00e1ticos y llenos de vida: Liberdade.<\/p>\n<p>Considerado el mayor n\u00facleo japon\u00e9s fuera de Jap\u00f3n, Liberdade es un verdadero espect\u00e1culo para los sentidos. Desde su ic\u00f3nica entrada adornada con faroles rojos hasta las calles que vibran al comp\u00e1s de festivales como el Tanabata, el barrio celebra con orgullo su herencia nipona. Caminar por sus callejones es como abrir un portal hacia otra dimensi\u00f3n, donde tiendas repletas de productos importados, restaurantes que sirven aut\u00e9ntico ramen y dulces tradicionales japoneses como el mochi, invitan a los visitantes a sumergirse en una experiencia cultural sin igual.<\/p>\n<p>Sin embargo, lo que muchos no conocen es la profunda conexi\u00f3n de Liberdade con la historia afrobrasile\u00f1a. M\u00e1s all\u00e1 de los templos budistas y los quioscos de sushi, existe una capa de la historia local que ha quedado, lamentablemente, en gran medida olvidada. El barrio fue, en sus or\u00edgenes, un lugar de refugio para los esclavos fugitivos y, con el tiempo, se convirti\u00f3 en un punto de encuentro para inmigrantes de todo el mundo, incluidos los japoneses, a principios del siglo XX.<\/p>\n<p>Este tejido multicultural de Liberdade ofrece una panor\u00e1mica \u00fanica de la lucha y resistencia de sus habitantes a lo largo de los a\u00f1os. Explorando sus calles, se pueden encontrar vestigios de esta rica herencia africana, desde festividades hasta las artes culinarias que reflejan la fusi\u00f3n de influencias que han moldeado el barrio.<\/p>\n<p>Liberdade tambi\u00e9n es conocido por su vibrante escena art\u00edstica y creativa, con eventos regulares que van desde exposiciones de arte hasta actuaciones en vivo que muestran la variedad y la riqueza cultural del barrio. Los fines de semana, el tradicional mercado de la calle Liberdade se convierte en el escenario de un intercambio cultural fascinante, ofreciendo desde artesan\u00edas japonesas hasta gastronom\u00eda local e internacional.<\/p>\n<p>Para quienes buscan explorar la profundidad y la complejidad de la cultura brasile\u00f1a, el barrio de Liberdade en S\u00e3o Paulo ofrece una experiencia incomparable. Es un testimonio vivo de la diversidad y la capacidad de convivencia de distintas culturas e historias. Un paseo por Liberdade no solo brinda la oportunidad de deleitarse con la cocina japonesa o admirar la elegante simplicidad de su est\u00e9tica, sino tambi\u00e9n de reflexionar sobre las historias menos contadas que han dado forma a la Brasil contempor\u00e1nea.<\/p>\n<p>Invitamos a todos los viajeros curiosos y amantes de la cultura a adentrarse en este rinc\u00f3n de S\u00e3o Paulo. Liberdade es mucho m\u00e1s que un barrio; es una celebraci\u00f3n de la diversidad, un lugar donde la historia y la modernidad se encuentran en cada esquina. Preparen sus paladares y su esp\u00edritu aventurero, porque Liberdade promete ser un viaje cultural que jam\u00e1s olvidar\u00e1n.<\/p>\n<p><em> &#8221; Sources lanotadeldia.mx &#8221; <\/em><\/p>\n<p><em> &#8221; Fuentes lanotadeldia.mx &#8221; <\/em><\/p>\n","protected":false},"excerpt":{"rendered":"<p>Explorando el Barrio de Liberdade en S\u00e3o Paulo: Un Encuentro Cultural \u00danico Bienvenidos a uno de los encuentros culturales m\u00e1s fascinantes de Am\u00e9rica Latina, donde la cultura japonesa se entremezcla con la historia afrobrasile\u00f1a en una expresiva danza de tradiciones, colores e historias. Nos sumergimos en el coraz\u00f3n de S\u00e3o Paulo para descubrir uno de [&hellip;]<\/p>\n","protected":false},"author":4,"featured_media":834585,"comment_status":"open","ping_status":"closed","sticky":false,"template":"","format":"standard","meta":{"om_disable_all_campaigns":false,"jnews-multi-image_gallery":[],"jnews_single_post":[],"jnews_primary_category":[],"jnews_social_meta":[],"footnotes":""},"categories":[39],"tags":[179842,182796,182795,17347,545],"class_list":["post-834584","post","type-post","status-publish","format-standard","has-post-thumbnail","hentry","category-viajes","tag-cultura-japonesa","tag-historia-negra","tag-liberdade","tag-sao-paulo","tag-viajes"],"_links":{"self":[{"href":"https:\/\/dimensionturistica.com\/es\/wp-json\/wp\/v2\/posts\/834584","targetHints":{"allow":["GET"]}}],"collection":[{"href":"https:\/\/dimensionturistica.com\/es\/wp-json\/wp\/v2\/posts"}],"about":[{"href":"https:\/\/dimensionturistica.com\/es\/wp-json\/wp\/v2\/types\/post"}],"author":[{"embeddable":true,"href":"https:\/\/dimensionturistica.com\/es\/wp-json\/wp\/v2\/users\/4"}],"replies":[{"embeddable":true,"href":"https:\/\/dimensionturistica.com\/es\/wp-json\/wp\/v2\/comments?post=834584"}],"version-history":[{"count":0,"href":"https:\/\/dimensionturistica.com\/es\/wp-json\/wp\/v2\/posts\/834584\/revisions"}],"wp:featuredmedia":[{"embeddable":true,"href":"https:\/\/dimensionturistica.com\/es\/wp-json\/wp\/v2\/media\/834585"}],"wp:attachment":[{"href":"https:\/\/dimensionturistica.com\/es\/wp-json\/wp\/v2\/media?parent=834584"}],"wp:term":[{"taxonomy":"category","embeddable":true,"href":"https:\/\/dimensionturistica.com\/es\/wp-json\/wp\/v2\/categories?post=834584"},{"taxonomy":"post_tag","embeddable":true,"href":"https:\/\/dimensionturistica.com\/es\/wp-json\/wp\/v2\/tags?post=834584"}],"curies":[{"name":"wp","href":"https:\/\/api.w.org\/{rel}","templated":true}]}}