{"id":83425,"date":"2021-02-18T13:11:56","date_gmt":"2021-02-18T13:11:56","guid":{"rendered":"https:\/\/dimensionturistica.com\/es\/?p=83425"},"modified":"2021-02-18T13:11:57","modified_gmt":"2021-02-18T13:11:57","slug":"el-skoda-kushaq-da-la-cara-en-forma-de-boceto","status":"publish","type":"post","link":"https:\/\/dimensionturistica.com\/es\/el-skoda-kushaq-da-la-cara-en-forma-de-boceto\/","title":{"rendered":"El \u0160koda KUSHAQ da la cara en forma de boceto"},"content":{"rendered":"<p> <br \/>\n<\/p>\n<div>\n<p>Adem\u00e1s de las im\u00e1genes oficiales de coches camuflados que <a rel=\"nofollow noopener\" target=\"_blank\" title=\"Skoda\" href=\"https:\/\/www.autonocion.com\/coches-nuevos\/skoda\/\">Skoda<\/a> lanz\u00f3 hace semanas, hoy la marca nos ha mostrado dos bocetos que nos ofrece una vista previa detallada del nuevo KUSHAQ.<\/p>\n<p>El dise\u00f1o del SUV mediano para el <strong>mercado indio<\/strong> se inspira en el aspecto atrevido del prototipo \u0160KODA VISION IN. La marca ha adaptado la versi\u00f3n <strong>MQB-A0-IN<\/strong> para enfocarla al mercado indio.<\/p>\n<p><a rel=\"nofollow noopener\" target=\"_blank\" href=\"https:\/\/www.autonocion.com\/?attachment_id=503775\"><img decoding=\"async\" class=\"aligncenter size-full wp-image-503775\" src=\"data:image\/svg+xml,%3Csvg%20xmlns=\" http:=\"\" alt=\"\" width=\"1202\" height=\"768\" data-lazy- data-lazy- data-lazy-src=\"https:\/\/dimensionturistica.com\/es\/wp-content\/uploads\/2021\/02\/El-Skoda-KUSHAQ-da-la-cara-en-forma-de-boceto.jpg\"\/><noscript><img decoding=\"async\" class=\"aligncenter size-full wp-image-503775\" src=\"https:\/\/dimensionturistica.com\/es\/wp-content\/uploads\/2021\/02\/El-Skoda-KUSHAQ-da-la-cara-en-forma-de-boceto.jpg\" alt=\"\" width=\"1202\" height=\"768\"  \/><\/noscript><\/a><\/p>\n<p>Aunque el <strong>estreno mundial del KUSHAQ<\/strong> tendr\u00e1 lugar el 18 de marzo de 2021 la marca est\u00e1 muy interesada en que todos el mundo conozca los planes que el fabricante checo tiene en la India.<\/p>\n<p>El nuevo KUSHAQ celebrar\u00e1 su <strong>estreno mundial en el subcontinente indio en marzo de 2021.<\/strong> Basado en la plataforma MQB-A0-IN, el \u0160KODA KUSHAQ cuenta con una <strong>larga distancia entre ejes de 2.651 mm<\/strong>, aspecto robusto y grandes ruedas.<\/p>\n<p><a rel=\"nofollow noopener\" target=\"_blank\" href=\"https:\/\/www.autonocion.com\/el-skoda-kushaq-se-deja-ver-antes-de-su-debut-el-primero-en-hacer-uso-de-la-mqb-a0-in\/skoda-kushaq-2\/\"><img decoding=\"async\" class=\"aligncenter size-full wp-image-499012\" src=\"data:image\/svg+xml,%3Csvg%20xmlns=\" http:=\"\" alt=\"\" width=\"1600\" height=\"1200\" data-lazy- data-lazy- data-lazy-src=\"https:\/\/dimensionturistica.com\/es\/wp-content\/uploads\/2021\/01\/el-primero-en-hacer-uso-de-la-MQB-A0-IN.jpg\"\/><noscript><img decoding=\"async\" class=\"aligncenter size-full wp-image-499012\" src=\"https:\/\/dimensionturistica.com\/es\/wp-content\/uploads\/2021\/01\/el-primero-en-hacer-uso-de-la-MQB-A0-IN.jpg\" alt=\"\" width=\"1600\" height=\"1200\"  \/><\/noscript><\/a><\/p>\n<p>Con mucho espacio para cinco ocupantes y un maletero grande, el inside del SUV tambi\u00e9n es impresionante. Dependiendo del nivel de equipamiento, el KUSHAQ cuenta con faros LED y luces de conducci\u00f3n diurna LED de serie as\u00ed como luces traseras y de freno tambi\u00e9n LED.<\/p>\n<p>El nuevo <strong>\u0160KODA KUSHAQ<\/strong> est\u00e1 propulsado por uno de los <strong>dos eficientes motores de gasolina TSI<\/strong>: un 1.0 o un 1.5 TSI, ambos acoplados a un sistema de tracci\u00f3n delantera.<\/p>\n<p>Dependiendo del nivel de acabado, el KUSHAQ est\u00e1 equipado con una caja de cambios guide de 6 velocidades, una transmisi\u00f3n autom\u00e1tica de 6 velocidades o una DSG.<\/p>\n<p><a rel=\"nofollow noopener\" target=\"_blank\" href=\"https:\/\/www.autonocion.com\/el-skoda-kushaq-se-deja-ver-antes-de-su-debut-el-primero-en-hacer-uso-de-la-mqb-a0-in\/skoda-kushaq-4\/\"><img decoding=\"async\" class=\"aligncenter size-full wp-image-499014\" src=\"data:image\/svg+xml,%3Csvg%20xmlns=\" http:=\"\" alt=\"\" width=\"1600\" height=\"1067\" data-lazy- data-lazy- data-lazy-src=\"https:\/\/dimensionturistica.com\/es\/wp-content\/uploads\/2021\/01\/1611576405_476_el-primero-en-hacer-uso-de-la-MQB-A0-IN.jpg\"\/><noscript><img decoding=\"async\" class=\"aligncenter size-full wp-image-499014\" src=\"https:\/\/dimensionturistica.com\/es\/wp-content\/uploads\/2021\/01\/1611576405_476_el-primero-en-hacer-uso-de-la-MQB-A0-IN.jpg\" alt=\"\" width=\"1600\" height=\"1067\"  \/><\/noscript><\/a><\/p>\n<p>Los ocupantes est\u00e1n protegidos por hasta seis airbags, mientras que el ESC garantiza una mayor seguridad. El management Hill-Maintain, los sensores de lluvia y luz y un sistema de management de crucero mejoran a\u00fan m\u00e1s la seguridad y el confort. El modelo tambi\u00e9n puede equiparse con un monitor de presi\u00f3n de neum\u00e1ticos.<\/p>\n<p>Tan pronto como el modelo sea presentado, os lo haremos saber.<\/p>\n<\/div>\n\n<p><em> &#8221; Fuentes www.autonocion.com &#8221; <\/em><\/p>\n","protected":false},"excerpt":{"rendered":"<p>Adem\u00e1s de las im\u00e1genes oficiales de coches camuflados que Skoda lanz\u00f3 hace semanas, hoy la marca nos ha mostrado dos bocetos que nos ofrece una vista previa detallada del nuevo KUSHAQ. El dise\u00f1o del SUV mediano para el mercado indio se inspira en el aspecto atrevido del prototipo \u0160KODA VISION IN. La marca ha adaptado [&hellip;]<\/p>\n","protected":false},"author":4,"featured_media":83426,"comment_status":"open","ping_status":"closed","sticky":false,"template":"","format":"standard","meta":{"om_disable_all_campaigns":false,"jnews-multi-image_gallery":[],"jnews_single_post":[],"jnews_primary_category":[],"jnews_social_meta":[],"footnotes":""},"categories":[41],"tags":[],"class_list":["post-83425","post","type-post","status-publish","format-standard","has-post-thumbnail","hentry","category-cruceros"],"_links":{"self":[{"href":"https:\/\/dimensionturistica.com\/es\/wp-json\/wp\/v2\/posts\/83425","targetHints":{"allow":["GET"]}}],"collection":[{"href":"https:\/\/dimensionturistica.com\/es\/wp-json\/wp\/v2\/posts"}],"about":[{"href":"https:\/\/dimensionturistica.com\/es\/wp-json\/wp\/v2\/types\/post"}],"author":[{"embeddable":true,"href":"https:\/\/dimensionturistica.com\/es\/wp-json\/wp\/v2\/users\/4"}],"replies":[{"embeddable":true,"href":"https:\/\/dimensionturistica.com\/es\/wp-json\/wp\/v2\/comments?post=83425"}],"version-history":[{"count":0,"href":"https:\/\/dimensionturistica.com\/es\/wp-json\/wp\/v2\/posts\/83425\/revisions"}],"wp:featuredmedia":[{"embeddable":true,"href":"https:\/\/dimensionturistica.com\/es\/wp-json\/wp\/v2\/media\/83426"}],"wp:attachment":[{"href":"https:\/\/dimensionturistica.com\/es\/wp-json\/wp\/v2\/media?parent=83425"}],"wp:term":[{"taxonomy":"category","embeddable":true,"href":"https:\/\/dimensionturistica.com\/es\/wp-json\/wp\/v2\/categories?post=83425"},{"taxonomy":"post_tag","embeddable":true,"href":"https:\/\/dimensionturistica.com\/es\/wp-json\/wp\/v2\/tags?post=83425"}],"curies":[{"name":"wp","href":"https:\/\/api.w.org\/{rel}","templated":true}]}}