{"id":833170,"date":"2024-07-13T01:00:34","date_gmt":"2024-07-13T01:00:34","guid":{"rendered":"https:\/\/dimensionturistica.com\/es\/?p=833170"},"modified":"2024-07-13T01:00:34","modified_gmt":"2024-07-13T01:00:34","slug":"el-continuo-ascenso-de-los-viajes-corporativos","status":"publish","type":"post","link":"https:\/\/dimensionturistica.com\/es\/el-continuo-ascenso-de-los-viajes-corporativos\/","title":{"rendered":"El Continuo Ascenso de los Viajes Corporativos"},"content":{"rendered":"<p>El horizonte de los viajes empresariales est\u00e1 atravesando una notable transformaci\u00f3n a medida que nos encaminamos hacia una nueva era. Dichos desplazamientos, que anta\u00f1o se consideraban meramente rutinarios y enfocados a objetivos espec\u00edficos dentro del mundo corporativo, est\u00e1n registrando un incremento notable en su frecuencia, una se\u00f1al clara de que las din\u00e1micas de trabajo est\u00e1n cambiando en el panorama empresarial global.<\/p>\n<p>La reactivaci\u00f3n de la econom\u00eda mundial post-pandemia ha instigado un repunte en los viajes de negocios, evidenciando una revitalizaci\u00f3n no solo de la necesidad de establecer conexiones interpersonales directas sino tambi\u00e9n del deseo de fortalecer esas relaciones laborales cara a cara. Esta situaci\u00f3n abre un abanico de oportunidades, tanto para aquellos profesionales que se movilizan por motivos de trabajo como para la industria tur\u00edstica en su conjunto, que observa c\u00f3mo se diversifica y enriquece su mercado con este vigoroso regreso.<\/p>\n<p>La creciente demanda de este tipo de viajes se ve impulsada, en parte, por el reconocimiento de la importancia de la interacci\u00f3n humana en los negocios. Las videoconferencias, pese a haber sido un pilar fundamental para la continuidad de las actividades corporativas durante los tiempos m\u00e1s inciertos, no logran reemplazar completamente la profundidad y calidad de las reuniones presenciales. Entender y vivenciar de primera mano la cultura corporativa de una compa\u00f1\u00eda, explorar nuevas ubicaciones y participar en eventos y conferencias presenciales se ha vuelto, nuevamente, crucial para cerrar tratos, crear sinergias y forjar alianzas duraderas.<\/p>\n<p>Pero, \u00bfqu\u00e9 significa esto para la industria tur\u00edstica? La respuesta es simple: una variada oferta de servicios adaptados a las necesidades de los viajeros de negocios. Desde alojamientos que garanticen espacios adecuados para el trabajo y el descanso, pasando por experiencias de ocio dise\u00f1adas para aprovechar al m\u00e1ximo los tiempos libres, hasta propuestas gastron\u00f3micas que reflejen la autenticidad del destino, las opciones son infinitas. Este nicho de mercado, en constante expansi\u00f3n, supone una inyecci\u00f3n de dinamismo y creatividad en la oferta tur\u00edstica, lo que a su vez contribuye al desarrollo econ\u00f3mico local.<\/p>\n<p>De igual relevancia es el auge de la tecnolog\u00eda y las aplicaciones m\u00f3viles dise\u00f1adas para facilitar la planificaci\u00f3n y gesti\u00f3n de los viajes de negocios. La capacidad para organizar vuelos, alojamientos, transportes y agendas a trav\u00e9s de un solo clic no solo optimiza los recursos y el tiempo, sino que tambi\u00e9n permite una mayor flexibilidad, respondiendo din\u00e1micamente a los imprevistos o cambios de \u00faltima hora, una constante en el mundo de los negocios.<\/p>\n<p>En conclusi\u00f3n, los viajes de negocios no s\u00f3lo est\u00e1n regresando con fuerza en esta nueva etapa sino que est\u00e1n redefiniendo sus contornos, convirti\u00e9ndose en un fen\u00f3meno m\u00e1s integral y enriquecedor que beneficia tanto a quienes viajan por trabajo como a la industria tur\u00edstica. Este renacimiento ofrece un viaje hacia nuevas formas de conexi\u00f3n humana, aprendizaje intercultural y oportunidades de negocios, marcando el comienzo de una emocionante era de descubrimiento y crecimiento mutuo entre el turismo y los viajes empresariales.<\/p>\n<p><em> &#8221; Sources lanotadeldia.mx &#8221; <\/em><\/p>\n<p><em> &#8221; Fuentes lanotadeldia.mx &#8221; <\/em><\/p>\n","protected":false},"excerpt":{"rendered":"<p>El horizonte de los viajes empresariales est\u00e1 atravesando una notable transformaci\u00f3n a medida que nos encaminamos hacia una nueva era. Dichos desplazamientos, que anta\u00f1o se consideraban meramente rutinarios y enfocados a objetivos espec\u00edficos dentro del mundo corporativo, est\u00e1n registrando un incremento notable en su frecuencia, una se\u00f1al clara de que las din\u00e1micas de trabajo est\u00e1n [&hellip;]<\/p>\n","protected":false},"author":4,"featured_media":833171,"comment_status":"open","ping_status":"closed","sticky":false,"template":"","format":"standard","meta":{"om_disable_all_campaigns":false,"jnews-multi-image_gallery":[],"jnews_single_post":[],"jnews_primary_category":[],"jnews_social_meta":[],"footnotes":""},"categories":[39],"tags":[7315,715,1935,2182,545],"class_list":["post-833170","post","type-post","status-publish","format-standard","has-post-thumbnail","hentry","category-viajes","tag-crecimiento","tag-economia","tag-negocios","tag-tendencias","tag-viajes"],"_links":{"self":[{"href":"https:\/\/dimensionturistica.com\/es\/wp-json\/wp\/v2\/posts\/833170","targetHints":{"allow":["GET"]}}],"collection":[{"href":"https:\/\/dimensionturistica.com\/es\/wp-json\/wp\/v2\/posts"}],"about":[{"href":"https:\/\/dimensionturistica.com\/es\/wp-json\/wp\/v2\/types\/post"}],"author":[{"embeddable":true,"href":"https:\/\/dimensionturistica.com\/es\/wp-json\/wp\/v2\/users\/4"}],"replies":[{"embeddable":true,"href":"https:\/\/dimensionturistica.com\/es\/wp-json\/wp\/v2\/comments?post=833170"}],"version-history":[{"count":0,"href":"https:\/\/dimensionturistica.com\/es\/wp-json\/wp\/v2\/posts\/833170\/revisions"}],"wp:featuredmedia":[{"embeddable":true,"href":"https:\/\/dimensionturistica.com\/es\/wp-json\/wp\/v2\/media\/833171"}],"wp:attachment":[{"href":"https:\/\/dimensionturistica.com\/es\/wp-json\/wp\/v2\/media?parent=833170"}],"wp:term":[{"taxonomy":"category","embeddable":true,"href":"https:\/\/dimensionturistica.com\/es\/wp-json\/wp\/v2\/categories?post=833170"},{"taxonomy":"post_tag","embeddable":true,"href":"https:\/\/dimensionturistica.com\/es\/wp-json\/wp\/v2\/tags?post=833170"}],"curies":[{"name":"wp","href":"https:\/\/api.w.org\/{rel}","templated":true}]}}