{"id":83245,"date":"2021-02-18T03:20:21","date_gmt":"2021-02-18T03:20:21","guid":{"rendered":"https:\/\/dimensionturistica.com\/es\/?p=83245"},"modified":"2021-02-18T03:20:21","modified_gmt":"2021-02-18T03:20:21","slug":"se-vuelve-incierto-el-retorno-de-cruceros-a-sinaloa-turismo","status":"publish","type":"post","link":"https:\/\/dimensionturistica.com\/es\/se-vuelve-incierto-el-retorno-de-cruceros-a-sinaloa-turismo\/","title":{"rendered":"Se vuelve incierto el retorno de cruceros a Sinaloa | Turismo"},"content":{"rendered":"<p> <br \/>\n<\/p>\n<div>\n<p>Se ha vuelto una vez m\u00e1s, <span>incierto <\/span>el <span>retorno <\/span>de los <span>cruceros <\/span>a<span> Mazatl\u00e1n y Topolobampo.\u00a0<\/span><\/p>\n<p><img decoding=\"async\" src=\"https:\/\/dimensionturistica.com\/es\/wp-content\/uploads\/2021\/02\/Se-vuelve-incierto-el-retorno-de-cruceros-a-Sinaloa.jpg\" style=\"width: 936px;\"\/><span><br \/><\/span><\/p>\n<p>La <span>Secretar\u00eda de Turismo del Gobierno del Estado en Sinaloa,<\/span> ha descartado que regresen en marzo, como se hab\u00eda contemplado por algunos promotores tur\u00edsticos, pues en medio de la pandemia por el Covid 19, se requiere de un acuerdo entre pa\u00edses, navieras y destinos.\u00a0<\/p>\n<p><img decoding=\"async\" src=\"https:\/\/dimensionturistica.com\/es\/wp-content\/uploads\/2021\/02\/1613618419_439_Se-vuelve-incierto-el-retorno-de-cruceros-a-Sinaloa.jpg\" style=\"width: 936px;\"\/><\/p>\n<p>Mientras tanto, la SECTUR Sinaloa revel\u00f3 que ya se afinan protocolos sanitarios contemplando que de darse el regreso en breve, Cozumel y Mazatl\u00e1n ser\u00edan los primeros en recibir cruceristas en el pa\u00eds.<\/p>\n<p><img decoding=\"async\" src=\"https:\/\/dimensionturistica.com\/es\/wp-content\/uploads\/2021\/02\/1613618419_263_Se-vuelve-incierto-el-retorno-de-cruceros-a-Sinaloa.jpg\" style=\"width: 936px;\"\/><\/p>\n<p><b>Tambi\u00e9n te puede interesar<\/b><\/p>\n<p><a rel=\"nofollow noopener\" target=\"_blank\" href=\"https:\/\/tvpacifico.mx\/noticias?plaza=mazatlan)\">Tendr\u00e1 Mazatl\u00e1n nueva ruta a\u00e9rea hacia Guadalajara<\/a><b><br \/><\/b><\/p>\n<p><a rel=\"nofollow noopener\" target=\"_blank\" href=\"https:\/\/tvpacifico.mx\/admin\/cms\/noticias\/Anuncian%20Copa%20Gobernador%20de%20Pesca%20Deportiva%20(Fuente:%20https:\/\/tvpacifico.mx\/noticias?plaza=mazatlan)\" style=\"background-color: rgb(255, 255, 255);\">Anuncian Copa Gobernador de Pesca Deportiva\u00a0<\/a><\/p>\n<p><a rel=\"nofollow noopener\" target=\"_blank\" href=\"https:\/\/tvpacifico.mx\/noticias?plaza=mazatlan)\">Llegar\u00e1n los turistas que no cancelaron reservaciones de Car&#8230;<\/a><br \/><b><br \/><\/b><\/p>\n<\/div>\n<p><script>(function(d, s, id) {\n        var js, fjs = d.getElementsByTagName(s)[0];\n        if (d.getElementById(id)) return;\n        js = d.createElement(s); js.id = id;\n        js.src=\"https:\/\/connect.facebook.net\/es_LA\/sdk.js#xfbml=1&version=v2.11&appId=962584037097229\";\n        fjs.parentNode.insertBefore(js, fjs);\n    }(document, 'script', 'facebook-jssdk'));<\/script><script>\n    !function(f,b,e,v,n,t,s)\n    {if(f.fbq)return;n=f.fbq=function(){n.callMethod?\n        n.callMethod.apply(n,arguments):n.queue.push(arguments)};\n        if(!f._fbq)f._fbq=n;n.push=n;n.loaded=!0;n.version='2.0';\n        n.queue=[];t=b.createElement(e);t.async=!0;\n        t.src=v;s=b.getElementsByTagName(e)[0];\n        s.parentNode.insertBefore(t,s)}(window, document,'script',\n        'https:\/\/connect.facebook.net\/en_US\/fbevents.js');\n    fbq('init', '2289834817919919');\n    fbq('track', 'PageView');\n    fbq('track', 'CompleteRegistration');\n    fbq('track', 'Contact');\n    fbq('track', 'Search');\n    fbq('track', 'Subscribe', {value: '0.00', currency: 'USD', predicted_ltv: '0.00'});\n    fbq('track', 'ViewContent');\n<\/script><br \/>\n<br \/><\/p>\n<p><em> &#8221; Fuentes tvpacifico.mx &#8221; <\/em><\/p>\n","protected":false},"excerpt":{"rendered":"<p>Se ha vuelto una vez m\u00e1s, incierto el retorno de los cruceros a Mazatl\u00e1n y Topolobampo.\u00a0 La Secretar\u00eda de Turismo del Gobierno del Estado en Sinaloa, ha descartado que regresen en marzo, como se hab\u00eda contemplado por algunos promotores tur\u00edsticos, pues en medio de la pandemia por el Covid 19, se requiere de un acuerdo [&hellip;]<\/p>\n","protected":false},"author":4,"featured_media":83246,"comment_status":"open","ping_status":"closed","sticky":false,"template":"","format":"standard","meta":{"om_disable_all_campaigns":false,"jnews-multi-image_gallery":[],"jnews_single_post":[],"jnews_primary_category":[],"jnews_social_meta":[],"footnotes":""},"categories":[41],"tags":[543,6535,1099,13661,17669,17668],"class_list":["post-83245","post","type-post","status-publish","format-standard","has-post-thumbnail","hentry","category-cruceros","tag-cruceros","tag-incierto","tag-mazatlan","tag-retorno","tag-sectur-sinaloa","tag-topolobampo"],"_links":{"self":[{"href":"https:\/\/dimensionturistica.com\/es\/wp-json\/wp\/v2\/posts\/83245","targetHints":{"allow":["GET"]}}],"collection":[{"href":"https:\/\/dimensionturistica.com\/es\/wp-json\/wp\/v2\/posts"}],"about":[{"href":"https:\/\/dimensionturistica.com\/es\/wp-json\/wp\/v2\/types\/post"}],"author":[{"embeddable":true,"href":"https:\/\/dimensionturistica.com\/es\/wp-json\/wp\/v2\/users\/4"}],"replies":[{"embeddable":true,"href":"https:\/\/dimensionturistica.com\/es\/wp-json\/wp\/v2\/comments?post=83245"}],"version-history":[{"count":0,"href":"https:\/\/dimensionturistica.com\/es\/wp-json\/wp\/v2\/posts\/83245\/revisions"}],"wp:featuredmedia":[{"embeddable":true,"href":"https:\/\/dimensionturistica.com\/es\/wp-json\/wp\/v2\/media\/83246"}],"wp:attachment":[{"href":"https:\/\/dimensionturistica.com\/es\/wp-json\/wp\/v2\/media?parent=83245"}],"wp:term":[{"taxonomy":"category","embeddable":true,"href":"https:\/\/dimensionturistica.com\/es\/wp-json\/wp\/v2\/categories?post=83245"},{"taxonomy":"post_tag","embeddable":true,"href":"https:\/\/dimensionturistica.com\/es\/wp-json\/wp\/v2\/tags?post=83245"}],"curies":[{"name":"wp","href":"https:\/\/api.w.org\/{rel}","templated":true}]}}