{"id":83242,"date":"2021-02-18T03:11:39","date_gmt":"2021-02-18T03:11:39","guid":{"rendered":"https:\/\/dimensionturistica.com\/es\/?p=83242"},"modified":"2021-02-18T03:11:39","modified_gmt":"2021-02-18T03:11:39","slug":"prohibida-la-entrada-de-cruceros-en-aguas-canadienses-hasta-el-2022","status":"publish","type":"post","link":"https:\/\/dimensionturistica.com\/es\/prohibida-la-entrada-de-cruceros-en-aguas-canadienses-hasta-el-2022\/","title":{"rendered":"Prohibida la entrada de cruceros en aguas canadienses hasta el 2022"},"content":{"rendered":"<p> <br \/>\n<\/p>\n<div>\n<p><strong><em>Rodrigo D\u00edaz M.<\/em><\/strong><\/p>\n<p>Omar Alghabra, ministro de transporte federal, anunci\u00f3 que Canad\u00e1 ha puesto en marcha dos nuevas \u00f3rdenes provisionales, que proh\u00edben el ingreso de las grandes embarcaciones de transporte en aguas del \u00c1rtico canadiense y de los cruceros en todas las aguas canadienses hasta el 28 de febrero de 2022.<\/p>\n<p>Como parte de estas \u00f3rdenes, las embarcaciones de recreaci\u00f3n con fines de lucro tienen prohibida la entrada en aguas del \u00c1rtico, y los buques de pasajeros que lleven m\u00e1s de 12 personas tienen prohibida la entrada en aguas costeras del \u00c1rtico, incluyendo Nunatsiavut, Nunavik y la costa de Labrador.<\/p>\n<p>Adicionalmente, los cruceros con capacidad para m\u00e1s de 100 personas tienen prohibido operar en aguas canadienses.<\/p>\n<p>El gobierno de Canad\u00e1 anima encarecidamente a los habitantes de Canad\u00e1 a abstenerse de viajar en cruceros fuera de del pa\u00eds hasta nuevo aviso.<\/p>\n<p>Por otra parte, los buques de pasajeros esenciales, como los transbordadores y los taxis acu\u00e1ticos, seguir\u00e1n operando. Sin embargo, seguir\u00e1n estando sujetos a las medidas y protocolos de salud p\u00fablica destinados a mitigar la propagaci\u00f3n del COVID-19.<\/p>\n<p>\u201cMientras la gente en Canad\u00e1 sigue poniendo de su parte para reducir la propagaci\u00f3n del COVID-19, nuestro gobierno sigue trabajando duro para garantizar que el sistema de transporte de Canad\u00e1 siga siendo seguro\u201d, dijo Alghabra en un comunicado de prensa.<\/p>\n<p>\u201cLas prohibiciones temporales a los cruceros y a las embarcaciones de recreaci\u00f3n son esenciales para seguir protegiendo a los m\u00e1s vulnerables de nuestras comunidades y evitar la sobrecarga de nuestros sistemas sanitarios\u201d, continu\u00f3.<\/p>\n<p>Key phrase: prohibida entrada de cruceros<\/p>\n<p>Meta: Omar Alghabra, ministro de transporte federal, anunci\u00f3 que Canad\u00e1 ha puesto en marcha dos nuevas \u00f3rdenes provisionales, que proh\u00edben el ingreso de cruceros en aguas del \u00c1rtico canadiense y de los cruceros en todas las aguas canadienses hasta el 28 de febrero de 2022.<\/p>\n<p>Tags: ingreso de embarcaciones en canad\u00e1, reducir propagaci\u00f3n de covid 19 canad\u00e1, prohibici\u00f3n temporal a cruceros canad\u00e1, prohibici\u00f3n temporal a embarcaciones de recreacion,<\/p>\n<p><span class=\"et_social_bottom_trigger\"\/><\/div>\n<p><script type=\"cbd0938aa0053f24d6587df8-text\/javascript\">\n  !function(f,b,e,v,n,t,s)\n  {if(f.fbq)return;n=f.fbq=function(){n.callMethod?\n  n.callMethod.apply(n,arguments):n.queue.push(arguments)};\n  if(!f._fbq)f._fbq=n;n.push=n;n.loaded=!0;n.version='2.0';\n  n.queue=[];t=b.createElement(e);t.async=!0;\n  t.src=v;s=b.getElementsByTagName(e)[0];\n  s.parentNode.insertBefore(t,s)}(window, document,'script',\n  'https:\/\/connect.facebook.net\/en_US\/fbevents.js');\n  fbq('init', '590800771349624');\n  fbq('track', 'PageView');\n<\/script><script type=\"cbd0938aa0053f24d6587df8-text\/javascript\">(function(d, s, id) {\n          var js, fjs = d.getElementsByTagName(s)[0];\n          if (d.getElementById(id)) return;\n          js = d.createElement(s); js.id = id;\n          js.src = \"https:\/\/connect.facebook.net\/es_ES\/sdk.js#xfbml=1&appId=1946984585606910&version=v2.3\";\n          fjs.parentNode.insertBefore(js, fjs);\n        }(document, 'script', 'facebook-jssdk'));<\/script><br \/>\n<br \/><\/p>\n<p><em> &#8221; Fuentes elcentronews.net &#8221; <\/em><\/p>\n","protected":false},"excerpt":{"rendered":"<p>Rodrigo D\u00edaz M. Omar Alghabra, ministro de transporte federal, anunci\u00f3 que Canad\u00e1 ha puesto en marcha dos nuevas \u00f3rdenes provisionales, que proh\u00edben el ingreso de las grandes embarcaciones de transporte en aguas del \u00c1rtico canadiense y de los cruceros en todas las aguas canadienses hasta el 28 de febrero de 2022. Como parte de estas [&hellip;]<\/p>\n","protected":false},"author":4,"featured_media":83243,"comment_status":"open","ping_status":"closed","sticky":false,"template":"","format":"standard","meta":{"om_disable_all_campaigns":false,"jnews-multi-image_gallery":[],"jnews_single_post":[],"jnews_primary_category":[],"jnews_social_meta":[],"footnotes":""},"categories":[41],"tags":[],"class_list":["post-83242","post","type-post","status-publish","format-standard","has-post-thumbnail","hentry","category-cruceros"],"_links":{"self":[{"href":"https:\/\/dimensionturistica.com\/es\/wp-json\/wp\/v2\/posts\/83242","targetHints":{"allow":["GET"]}}],"collection":[{"href":"https:\/\/dimensionturistica.com\/es\/wp-json\/wp\/v2\/posts"}],"about":[{"href":"https:\/\/dimensionturistica.com\/es\/wp-json\/wp\/v2\/types\/post"}],"author":[{"embeddable":true,"href":"https:\/\/dimensionturistica.com\/es\/wp-json\/wp\/v2\/users\/4"}],"replies":[{"embeddable":true,"href":"https:\/\/dimensionturistica.com\/es\/wp-json\/wp\/v2\/comments?post=83242"}],"version-history":[{"count":0,"href":"https:\/\/dimensionturistica.com\/es\/wp-json\/wp\/v2\/posts\/83242\/revisions"}],"wp:featuredmedia":[{"embeddable":true,"href":"https:\/\/dimensionturistica.com\/es\/wp-json\/wp\/v2\/media\/83243"}],"wp:attachment":[{"href":"https:\/\/dimensionturistica.com\/es\/wp-json\/wp\/v2\/media?parent=83242"}],"wp:term":[{"taxonomy":"category","embeddable":true,"href":"https:\/\/dimensionturistica.com\/es\/wp-json\/wp\/v2\/categories?post=83242"},{"taxonomy":"post_tag","embeddable":true,"href":"https:\/\/dimensionturistica.com\/es\/wp-json\/wp\/v2\/tags?post=83242"}],"curies":[{"name":"wp","href":"https:\/\/api.w.org\/{rel}","templated":true}]}}