{"id":832139,"date":"2024-07-11T12:17:22","date_gmt":"2024-07-11T12:17:22","guid":{"rendered":"https:\/\/dimensionturistica.com\/es\/?p=832139"},"modified":"2024-07-11T12:17:22","modified_gmt":"2024-07-11T12:17:22","slug":"20240711-extremadura-destaca-en-la-global-birdfair-britanica-como-destino-lider-en-turismo-ornitologico-europeo","status":"publish","type":"post","link":"https:\/\/dimensionturistica.com\/es\/20240711-extremadura-destaca-en-la-global-birdfair-britanica-como-destino-lider-en-turismo-ornitologico-europeo\/","title":{"rendered":"20240711 Extremadura Destaca en la Global Birdfair Brit\u00e1nica como Destino L\u00edder en Turismo Ornitol\u00f3gico Europeo"},"content":{"rendered":"<p><strong>Extremadura: Un para\u00edso avistador se revela en la prestigiosa feria brit\u00e1nica<\/strong><\/p>\n<p>La promoci\u00f3n tur\u00edstica de los destinos naturales ha alcanzado un nuevo pelda\u00f1o de reconocimiento y apreciaci\u00f3n internacional. Recientemente, Extremadura ha brillado particularmente en una de las vitrinas m\u00e1s relevantes del ecoturismo y la observaci\u00f3n de aves: una destacada feria brit\u00e1nica dedicada exclusivamente a los amantes de las aves y los entornos naturales. Este evento, conocido por congregar a aficionados, expertos y profesionales del sector tur\u00edstico de todo el mundo, ha sido el escenario perfecto para que Extremadura despliegue todo su potencial como destino de turismo ornitol\u00f3gico.<\/p>\n<p>Aqu\u00ed, en el coraz\u00f3n de Espa\u00f1a, Extremadura se asoma como un ed\u00e9n donde la biodiversidad canta a trav\u00e9s del batir de alas y el canto de las aves. Con m\u00e1s de 350 especies de aves observables a lo largo del a\u00f1o, la regi\u00f3n se presenta como un destino imprescindible para todos aquellos que buscan vivir una experiencia de conexi\u00f3n profunda con la naturaleza. Y no es para menos, ya que sus paisajes se extienden desde las extensas dehesas hasta los embalses, pasando por los parques nacionales y naturales que proveen el escenario perfecto para la observaci\u00f3n de aves en su h\u00e1bitat natural.<\/p>\n<p>En esta concurrida feria, Extremadura ha dado a conocer sus m\u00faltiples rutas de birdwatching, dise\u00f1adas meticulosamente no solo para garantizar el avistamiento de especies significativas como la grulla com\u00fan, el \u00e1guila imperial ib\u00e9rica o el buitre negro, sino tambi\u00e9n para promover el turismo sostenible y responsable. A trav\u00e9s de estas rutas, los visitantes pueden explorar diversos entornos que son refugio de una variedad asombrosa de avifauna, evidenciando el compromiso de la regi\u00f3n con la conservaci\u00f3n de su patrimonio natural y la biodiversidad.<\/p>\n<p>Pero Extremadura no solo es hogar de aves y paisajes que quitan el aliento; tambi\u00e9n es una tierra rica en cultura, historia y gastronom\u00eda. Los visitantes de la feria tuvieron la oportunidad de descubrir c\u00f3mo la observaci\u00f3n de aves puede combinarse perfectamente con el disfrute de la arquitectura hist\u00f3rica, las fiestas populares y una oferta gastron\u00f3mica que deleita el paladar con productos locales de la m\u00e1s alta calidad. De esta forma, la experiencia de visitar Extremadura se convierte en un viaje multidimensional, donde la naturaleza y la cultura se entrelazan magistralmente.<\/p>\n<p>La participaci\u00f3n de Extremadura en este evento internacional reafirma su posici\u00f3n como un destino de primer orden para el turismo ornitol\u00f3gico, posicion\u00e1ndose en la mente de viajeros y profesionales como un lugar que merece ser visitado, explorado y, sobre todo, respetado. La regi\u00f3n invita a descubrir sus secretos alados, sus paisajes eternos y su cultura inigualable, prometiendo una experiencia inolvidable para todos aquellos que decidan adentrarse en sus confines.<\/p>\n<p>Con cada edici\u00f3n de esta prestigiosa feria, Extremadura consolida su fama entre los entusiastas de la naturaleza y el aviturismo, demostrando que la belleza natural y la sostenibilidad pueden ir de la mano en el desarrollo tur\u00edstico. Sin duda, este rinc\u00f3n de Espa\u00f1a sigue volando alto, atrayendo a amantes de la naturaleza de todo el globe y marcando la diferencia en la preservaci\u00f3n y la promoci\u00f3n de sus invaluable tesoros naturales.<\/p>\n<p><em> &#8221; Sources www.juntaex.es &#8221; <\/em><\/p>\n<p><em> &#8221; Fuentes www.juntaex.es &#8221; <\/em><\/p>\n","protected":false},"excerpt":{"rendered":"<p>Extremadura: Un para\u00edso avistador se revela en la prestigiosa feria brit\u00e1nica La promoci\u00f3n tur\u00edstica de los destinos naturales ha alcanzado un nuevo pelda\u00f1o de reconocimiento y apreciaci\u00f3n internacional. Recientemente, Extremadura ha brillado particularmente en una de las vitrinas m\u00e1s relevantes del ecoturismo y la observaci\u00f3n de aves: una destacada feria brit\u00e1nica dedicada exclusivamente a los [&hellip;]<\/p>\n","protected":false},"author":4,"featured_media":0,"comment_status":"open","ping_status":"closed","sticky":false,"template":"","format":"standard","meta":{"om_disable_all_campaigns":false,"jnews-multi-image_gallery":[],"jnews_single_post":[],"jnews_primary_category":[],"jnews_social_meta":[],"footnotes":""},"categories":[39],"tags":[14332,707,34998,51383,6180,182105,182104,105265,12976,879,7581,544,76345,20851],"class_list":["post-832139","post","type-post","status-publish","format-standard","hentry","category-viajes","tag-actividades-turisticas","tag-actualidad","tag-consejeria-de-cultura","tag-destinos-de-europa","tag-extremadura","tag-feria-britanica","tag-global-birdfair","tag-jovenes-y-deportes","tag-junta-de-extremadura","tag-noticia","tag-promocion","tag-turismo","tag-turismo-ornitologico","tag-turismo-y-cultura"],"_links":{"self":[{"href":"https:\/\/dimensionturistica.com\/es\/wp-json\/wp\/v2\/posts\/832139","targetHints":{"allow":["GET"]}}],"collection":[{"href":"https:\/\/dimensionturistica.com\/es\/wp-json\/wp\/v2\/posts"}],"about":[{"href":"https:\/\/dimensionturistica.com\/es\/wp-json\/wp\/v2\/types\/post"}],"author":[{"embeddable":true,"href":"https:\/\/dimensionturistica.com\/es\/wp-json\/wp\/v2\/users\/4"}],"replies":[{"embeddable":true,"href":"https:\/\/dimensionturistica.com\/es\/wp-json\/wp\/v2\/comments?post=832139"}],"version-history":[{"count":0,"href":"https:\/\/dimensionturistica.com\/es\/wp-json\/wp\/v2\/posts\/832139\/revisions"}],"wp:attachment":[{"href":"https:\/\/dimensionturistica.com\/es\/wp-json\/wp\/v2\/media?parent=832139"}],"wp:term":[{"taxonomy":"category","embeddable":true,"href":"https:\/\/dimensionturistica.com\/es\/wp-json\/wp\/v2\/categories?post=832139"},{"taxonomy":"post_tag","embeddable":true,"href":"https:\/\/dimensionturistica.com\/es\/wp-json\/wp\/v2\/tags?post=832139"}],"curies":[{"name":"wp","href":"https:\/\/api.w.org\/{rel}","templated":true}]}}