{"id":831691,"date":"2024-07-10T17:59:13","date_gmt":"2024-07-10T17:59:13","guid":{"rendered":"https:\/\/dimensionturistica.com\/es\/?p=831691"},"modified":"2024-07-10T17:59:13","modified_gmt":"2024-07-10T17:59:13","slug":"colombia-seleccionada-como-uno-de-los-principales-destinos-turisticos-en-sudamerica","status":"publish","type":"post","link":"https:\/\/dimensionturistica.com\/es\/colombia-seleccionada-como-uno-de-los-principales-destinos-turisticos-en-sudamerica\/","title":{"rendered":"Colombia seleccionada como uno de los principales destinos tur\u00edsticos en Sudam\u00e9rica"},"content":{"rendered":"<p>Colombia se Alza como Un Destino Predilecto en Sudam\u00e9rica: Una Revelaci\u00f3n de los World Travel Awards<\/p>\n<p>En un mundo \u00e1vido por descubrir paisajes que cortan la respiraci\u00f3n, culturas vibrantes y experiencias transformadoras, Colombia emerge como una joya reluciente ante los ojos del turismo global. Este pa\u00eds, rico en biodiversidad y herencia cultural, ha sido reconocido en los prestigiosos World Travel Awards, conocidos en el medio como los &#8220;\u00d3scares del Turismo&#8221;, posicion\u00e1ndose triunfante como uno de los destinos m\u00e1s destacados de Sudam\u00e9rica.<\/p>\n<p>Con una geograf\u00eda que defies la imaginaci\u00f3n, Colombia ofrece desde las nieves perpetuas de sus cumbres andinas hasta las c\u00e1lidas y acogedoras playas del Caribe y el Pac\u00edfico, pasando por la majestuosa Amazon\u00eda y sus selvas v\u00edrgenes. Esta variedad no solo promete un itinerario diverso para el aventurero moderno, sino que tambi\u00e9n invita a una inmersi\u00f3n profunda en un mosaico de experiencias \u00fanicas.<\/p>\n<p>La m\u00fasica, pilar de la idiosincrasia colombiana, resuena en cada esquina, coloreando el ambiente con ritmos que van desde la cumbia hasta el vallenato, ofreciendo un viaje sensorial que complementa la aventura visual. La gastronom\u00eda, por otro lado, se presenta como un fest\u00edn de sabores aut\u00f3ctonos que narran la historia de su gente, desde el Caribe hasta los valles del interior.<\/p>\n<p>Los World Travel Awards no solo han puesto en alto el nombre de Colombia por su riqueza natural y cultural, sino tambi\u00e9n por su inigualable calidez humana. Los colombianos, conocidos por su hospitalidad, juegan un papel fundamental en la experiencia tur\u00edstica, ofreciendo un hogar lejos del hogar para quienes deciden aventurarse en sus tierras. Este reconocimiento es un testamento de su incansable esfuerzo por presentar a Colombia no solo como un destino, sino como una experiencia transformadora.<\/p>\n<p>Esta distinci\u00f3n, lejos de ser el final de un camino, representa un llamado a continuar explorando, protegiendo y valorando la inmensa riqueza que Colombia tiene para ofrecer. Es una invitaci\u00f3n a viajeros de todas latitudes a dejarse envolver por su naturaleza, su cultura, su gente; a vivir Colombia con todos los sentidos.<\/p>\n<p>En el panorama global actual, donde el turismo se reinventa continuamente buscando destinos que ofrezcan m\u00e1s que solo paisajes, Colombia emerge como un faro de inspiraci\u00f3n. Un pa\u00eds que, amparado en su diversidad y calidez, promete no solo satisfacer la curiosidad del viajero moderno, sino tambi\u00e9n tocar su coraz\u00f3n.<\/p>\n<p>Los World Travel Awards han hablado, pero m\u00e1s all\u00e1 de los galardones, es la voz de cada viajero, eco de sus experiencias, la que verdaderamente resuena y posiciona a Colombia en lo m\u00e1s alto del p\u00f3dium tur\u00edstico. Est\u00e1 claro que el pa\u00eds del realismo m\u00e1gico est\u00e1 listo para ser descubierto, o redescubierto, bajo una nueva luz, repleta de promesas y aventuras sin l\u00edmites.<\/p>\n<p>As\u00ed que, si busca su pr\u00f3xima escapada, considere a Colombia no solo como un punto en el mapa, sino como una vivencia que promete quedarse grabada en su memoria y en su coraz\u00f3n. Porque m\u00e1s all\u00e1 de sus paisajes y su biodiversidad, es su esp\u00edritu el que verdaderamente enamora y transforma. Bienvenidos a Colombia, su pr\u00f3ximo destino so\u00f1ado en Sudam\u00e9rica.<\/p>\n<p><em> &#8221; Sources caracol.com.co &#8221; <\/em><\/p>\n<p><em> &#8221; Fuentes caracol.com.co &#8221; <\/em><\/p>\n","protected":false},"excerpt":{"rendered":"<p>Colombia se Alza como Un Destino Predilecto en Sudam\u00e9rica: Una Revelaci\u00f3n de los World Travel Awards En un mundo \u00e1vido por descubrir paisajes que cortan la respiraci\u00f3n, culturas vibrantes y experiencias transformadoras, Colombia emerge como una joya reluciente ante los ojos del turismo global. Este pa\u00eds, rico en biodiversidad y herencia cultural, ha sido reconocido [&hellip;]<\/p>\n","protected":false},"author":4,"featured_media":0,"comment_status":"open","ping_status":"closed","sticky":false,"template":"","format":"standard","meta":{"om_disable_all_campaigns":false,"jnews-multi-image_gallery":[],"jnews_single_post":[],"jnews_primary_category":[],"jnews_social_meta":[],"footnotes":""},"categories":[39],"tags":[771,17294,2291,798],"class_list":["post-831691","post","type-post","status-publish","format-standard","hentry","category-viajes","tag-colombia","tag-mejores-destinos","tag-sudamerica","tag-world-travel-awards"],"_links":{"self":[{"href":"https:\/\/dimensionturistica.com\/es\/wp-json\/wp\/v2\/posts\/831691","targetHints":{"allow":["GET"]}}],"collection":[{"href":"https:\/\/dimensionturistica.com\/es\/wp-json\/wp\/v2\/posts"}],"about":[{"href":"https:\/\/dimensionturistica.com\/es\/wp-json\/wp\/v2\/types\/post"}],"author":[{"embeddable":true,"href":"https:\/\/dimensionturistica.com\/es\/wp-json\/wp\/v2\/users\/4"}],"replies":[{"embeddable":true,"href":"https:\/\/dimensionturistica.com\/es\/wp-json\/wp\/v2\/comments?post=831691"}],"version-history":[{"count":0,"href":"https:\/\/dimensionturistica.com\/es\/wp-json\/wp\/v2\/posts\/831691\/revisions"}],"wp:attachment":[{"href":"https:\/\/dimensionturistica.com\/es\/wp-json\/wp\/v2\/media?parent=831691"}],"wp:term":[{"taxonomy":"category","embeddable":true,"href":"https:\/\/dimensionturistica.com\/es\/wp-json\/wp\/v2\/categories?post=831691"},{"taxonomy":"post_tag","embeddable":true,"href":"https:\/\/dimensionturistica.com\/es\/wp-json\/wp\/v2\/tags?post=831691"}],"curies":[{"name":"wp","href":"https:\/\/api.w.org\/{rel}","templated":true}]}}