{"id":831378,"date":"2024-07-10T05:08:11","date_gmt":"2024-07-10T05:08:11","guid":{"rendered":"https:\/\/dimensionturistica.com\/es\/?p=831378"},"modified":"2024-07-10T05:08:11","modified_gmt":"2024-07-10T05:08:11","slug":"sussanich-el-nuevo-lider-electo-de-la-asociacion-de-agencias-turisticas","status":"publish","type":"post","link":"https:\/\/dimensionturistica.com\/es\/sussanich-el-nuevo-lider-electo-de-la-asociacion-de-agencias-turisticas\/","title":{"rendered":"Sussanich, el nuevo l\u00edder electo de la Asociaci\u00f3n de Agencias Tur\u00edsticas"},"content":{"rendered":"<p><strong>El Horizonte del Turismo Argentino: Un Nuevo Cap\u00edtulo<\/strong><\/p>\n<p>El mundo del turismo es din\u00e1mico, siempre en constante evoluci\u00f3n y adaptaci\u00f3n a las nuevas realidades y demandas de los viajeros. En Argentina, este vital sector est\u00e1 a punto de embarcarse en un emocionante nuevo cap\u00edtulo bajo la direcci\u00f3n de una nueva figura central. La Asociaci\u00f3n de Agencias de Viajes y Turismo (AAVyT), instituci\u00f3n clave que congrega a los profesionales y empresas que conforman el tejido del turismo nacional, ha nombrado a Facundo Sussanich como su nuevo presidente.<\/p>\n<p>Este cambio de liderazgo se presenta en un momento crucial para la industria, que busca recuperarse y reinventarse despu\u00e9s de los desaf\u00edos sin precedentes planteados por la pandemia global. La visi\u00f3n y estrategia de Sussanich ser\u00e1n determinantes para revitalizar y promover el turismo dentro y fuera de Argentina, fomentando el desarrollo econ\u00f3mico y cultural del pa\u00eds.<\/p>\n<p>Facundo Sussanich no es un novato en el \u00e1mbito del turismo. Su vasta experiencia y su profundo conocimiento del sector le otorgan la perspicacia y la capacidad necesarias para dirigir la AAVyT hacia nuevos horizontes. Con un enfoque innovador y una firme creencia en el poder del turismo como puente cultural y como motor de desarrollo, el nuevo presidente est\u00e1 preparado para enfrentar los desaf\u00edos del futuro y aprovechar al m\u00e1ximo las oportunidades que surjan.<\/p>\n<p>Uno de los principales cometidos de Sussanich ser\u00e1 el fortalecimiento de la asociaci\u00f3n y de sus miembros, trabajando en estrecha colaboraci\u00f3n para garantizar que las agencias de viajes y los operadores tur\u00edsticos puedan brindar experiencias de calidad, seguras y enriquecedoras. La colaboraci\u00f3n con el sector p\u00fablico tambi\u00e9n ser\u00e1 clave, buscando sumar esfuerzos para mejorar la infraestructura tur\u00edstica del pa\u00eds y facilitar la llegada de visitantes nacionales e internacionales.<\/p>\n<p>La estrategia de Sussanich tambi\u00e9n incluye impulsar la sustentabilidad y la inclusi\u00f3n en el turismo, respondiendo as\u00ed a las crecientes demandas de los viajeros por opciones m\u00e1s respetuosas con el medio ambiente y accesibles para todos. Promover las maravillas naturales de Argentina, su rica cultura y la calidez de su gente, respetando siempre los principios de sustentabilidad, ser\u00e1 fundamental para captar la atenci\u00f3n de turistas de todo el mundo.<\/p>\n<p>La era de Sussanich al frente de la AAVyT se presenta como una gran oportunidad para redefinir el turismo argentino, volvi\u00e9ndolo m\u00e1s resiliente, inclusivo y sostenible. Con metas ambiciosas pero alcanzables, el nuevo presidente est\u00e1 listo para dejar su marca y guiar a la industria tur\u00edstica hacia un futuro prometedor.<\/p>\n<p>En los pr\u00f3ximos a\u00f1os, tanto turistas como empresarios del sector deber\u00e1n estar atentos a los desarrollos bajo la gesti\u00f3n de Sussanich, que sin duda innovar\u00e1 y fortalecer\u00e1 el papel de Argentina en el escenario tur\u00edstico internacional. La pasi\u00f3n y dedicaci\u00f3n de Facundo Sussanich por el turismo auguran un emocionante viaje hacia el \u00e9xito, marcando el inicio de una nueva era dorada para el turismo en Argentina.<\/p>\n<p><em> &#8221; Sources www.diariojornada.com.ar &#8221; <\/em><\/p>\n<p><em> &#8221; Sources www.diariojornada.com.ar &#8221; <\/em><\/p>\n","protected":false},"excerpt":{"rendered":"<p>El Horizonte del Turismo Argentino: Un Nuevo Cap\u00edtulo El mundo del turismo es din\u00e1mico, siempre en constante evoluci\u00f3n y adaptaci\u00f3n a las nuevas realidades y demandas de los viajeros. En Argentina, este vital sector est\u00e1 a punto de embarcarse en un emocionante nuevo cap\u00edtulo bajo la direcci\u00f3n de una nueva figura central. La Asociaci\u00f3n de [&hellip;]<\/p>\n","protected":false},"author":4,"featured_media":831379,"comment_status":"open","ping_status":"closed","sticky":false,"template":"","format":"standard","meta":{"om_disable_all_campaigns":false,"jnews-multi-image_gallery":[],"jnews_single_post":[],"jnews_primary_category":[],"jnews_social_meta":[],"footnotes":""},"categories":[40],"tags":[569,2234,181820],"class_list":["post-831378","post","type-post","status-publish","format-standard","has-post-thumbnail","hentry","category-industria","tag-agencias-de-viajes","tag-presidente","tag-sussanich"],"_links":{"self":[{"href":"https:\/\/dimensionturistica.com\/es\/wp-json\/wp\/v2\/posts\/831378","targetHints":{"allow":["GET"]}}],"collection":[{"href":"https:\/\/dimensionturistica.com\/es\/wp-json\/wp\/v2\/posts"}],"about":[{"href":"https:\/\/dimensionturistica.com\/es\/wp-json\/wp\/v2\/types\/post"}],"author":[{"embeddable":true,"href":"https:\/\/dimensionturistica.com\/es\/wp-json\/wp\/v2\/users\/4"}],"replies":[{"embeddable":true,"href":"https:\/\/dimensionturistica.com\/es\/wp-json\/wp\/v2\/comments?post=831378"}],"version-history":[{"count":0,"href":"https:\/\/dimensionturistica.com\/es\/wp-json\/wp\/v2\/posts\/831378\/revisions"}],"wp:featuredmedia":[{"embeddable":true,"href":"https:\/\/dimensionturistica.com\/es\/wp-json\/wp\/v2\/media\/831379"}],"wp:attachment":[{"href":"https:\/\/dimensionturistica.com\/es\/wp-json\/wp\/v2\/media?parent=831378"}],"wp:term":[{"taxonomy":"category","embeddable":true,"href":"https:\/\/dimensionturistica.com\/es\/wp-json\/wp\/v2\/categories?post=831378"},{"taxonomy":"post_tag","embeddable":true,"href":"https:\/\/dimensionturistica.com\/es\/wp-json\/wp\/v2\/tags?post=831378"}],"curies":[{"name":"wp","href":"https:\/\/api.w.org\/{rel}","templated":true}]}}