{"id":831305,"date":"2024-07-10T01:47:46","date_gmt":"2024-07-10T01:47:46","guid":{"rendered":"https:\/\/dimensionturistica.com\/es\/?p=831305"},"modified":"2024-07-10T01:47:46","modified_gmt":"2024-07-10T01:47:46","slug":"los-gastos-extravagantes-de-rosselli-amuruz-en-viajes-el-congresista-utilizo-usd-14-390-de-fondos-estatales-en-pasajes-bebidas-alcoholicas-y-alojamiento","status":"publish","type":"post","link":"https:\/\/dimensionturistica.com\/es\/los-gastos-extravagantes-de-rosselli-amuruz-en-viajes-el-congresista-utilizo-usd-14-390-de-fondos-estatales-en-pasajes-bebidas-alcoholicas-y-alojamiento\/","title":{"rendered":"Los Gastos Extravagantes de Rosselli Amuruz en Viajes: El Congresista Utiliz\u00f3 USD 14.390 de Fondos Estatales en Pasajes, Bebidas Alcoh\u00f3licas y Alojamiento"},"content":{"rendered":"<p>En un giro que ha desatado controversia y amplios debates en la sociedad, se ha revelado un caso que, en cierta medida, ha puesto de manifiesto la compleja relaci\u00f3n entre los gastos p\u00fablicos y los viajes de representaci\u00f3n. Se trata del desembolso realizado por un conocido miembro del Congreso, quien en recientes desplazamientos ha utilizado un total de $14,390 d\u00f3lares para cubrir gastos de boletos de avi\u00f3n, alojamiento lujoso y consumo de bebidas alcoh\u00f3licas, todo respaldado por fondos estatales.<\/p>\n<p>Este uso del presupuesto ha despertado una suerte de indignaci\u00f3n colectiva, no solo por la elevada cifra, sino por la naturaleza de algunos de los gastos incurridos. Viajar, indudablemente, forma parte indispensable de la gesti\u00f3n y la diplomacia, encerrando en s\u00ed mismo la promesa de establecer y fortalecer relaciones, explorar soluciones a problemas comunes y, por supuesto, enriquecer la visi\u00f3n del mundo de quien viaja. Sin embargo, la situaci\u00f3n nos enfrenta a la pregunta de hasta qu\u00e9 punto la opulencia y el placer personal deben tener cabida en viajes patrocinados por los recursos de la poblaci\u00f3n.<\/p>\n<p>Pese al malestar evidente, este escenario ofrece una oportunidad \u00fanica para reflexionar sobre el concepto de responsabilidad fiscal y los l\u00edmites \u00e9ticos del gasto p\u00fablico en actividades de representaci\u00f3n. Asimismo, impulsa un di\u00e1logo necesario sobre c\u00f3mo los representantes pueden equilibrar de manera \u00f3ptima el disfrute personal con la austeridad que debe caracterizar la administraci\u00f3n de recursos que no les son propios.<\/p>\n<p>Es el momento ideal para que las entidades reguladoras y la sociedad en su conjunto establezcan par\u00e1metros claros sobre qu\u00e9 tipo de gastos son aceptables y cu\u00e1les no, bajo el entendido de que el objetivo final de estos viajes debe ser siempre el beneficio colectivo y no el personal. Adem\u00e1s, destacar la importancia de la transparencia en los gastos p\u00fablicos y la rendici\u00f3n de cuentas es vital para restaurar la confianza en las figuras p\u00fablicas y las instituciones que representan.<\/p>\n<p>En \u00faltima instancia, este incidente nos invita a reflexionar sobre los valores que deseamos promover en nuestra sociedad y en quienes nos representan. Impulsa a pensar en la necesidad de recuperar y fortalecer virtudes como la sobriedad, la integridad y el compromiso con el bienestar com\u00fan, fundamentales para edificar una gesti\u00f3n p\u00fablica que est\u00e9 verdaderamente al servicio de la ciudadan\u00eda.<\/p>\n<p>Este esc\u00e1ndalo trasciende las fronteras del mero debate pol\u00edtico o econ\u00f3mico, abriendo la conversaci\u00f3n a temas que tocan la moral, la \u00e9tica y la verdadera esencia de lo que significa servir a la comunidad desde un cargo p\u00fablico. Ahora, m\u00e1s que nunca, es tiempo de reflexionar sobre el tipo de liderazgo que queremos y c\u00f3mo podemos asegurarnos de que aquellos en quienes confiamos para representarnos realmente lo hagan con el respeto, la dignidad y la responsabilidad que merecemos.<\/p>\n<p><em> &#8221; Sources www.infobae.com &#8221; <\/em><\/p>\n<p><em> &#8221; Fuentes www.infobae.com &#8221; <\/em><\/p>\n","protected":false},"excerpt":{"rendered":"<p>En un giro que ha desatado controversia y amplios debates en la sociedad, se ha revelado un caso que, en cierta medida, ha puesto de manifiesto la compleja relaci\u00f3n entre los gastos p\u00fablicos y los viajes de representaci\u00f3n. Se trata del desembolso realizado por un conocido miembro del Congreso, quien en recientes desplazamientos ha utilizado [&hellip;]<\/p>\n","protected":false},"author":4,"featured_media":831306,"comment_status":"open","ping_status":"closed","sticky":false,"template":"","format":"standard","meta":{"om_disable_all_campaigns":false,"jnews-multi-image_gallery":[],"jnews_single_post":[],"jnews_primary_category":[],"jnews_social_meta":[],"footnotes":""},"categories":[39],"tags":[2176,63889,91526,181790,153955,4146,546,545],"class_list":["post-831305","post","type-post","status-publish","format-standard","has-post-thumbnail","hentry","category-viajes","tag-alcohol","tag-congresista","tag-escandalos","tag-financiacion-estatal","tag-gastos-excesivos","tag-hospedaje","tag-politica","tag-viajes"],"_links":{"self":[{"href":"https:\/\/dimensionturistica.com\/es\/wp-json\/wp\/v2\/posts\/831305","targetHints":{"allow":["GET"]}}],"collection":[{"href":"https:\/\/dimensionturistica.com\/es\/wp-json\/wp\/v2\/posts"}],"about":[{"href":"https:\/\/dimensionturistica.com\/es\/wp-json\/wp\/v2\/types\/post"}],"author":[{"embeddable":true,"href":"https:\/\/dimensionturistica.com\/es\/wp-json\/wp\/v2\/users\/4"}],"replies":[{"embeddable":true,"href":"https:\/\/dimensionturistica.com\/es\/wp-json\/wp\/v2\/comments?post=831305"}],"version-history":[{"count":0,"href":"https:\/\/dimensionturistica.com\/es\/wp-json\/wp\/v2\/posts\/831305\/revisions"}],"wp:featuredmedia":[{"embeddable":true,"href":"https:\/\/dimensionturistica.com\/es\/wp-json\/wp\/v2\/media\/831306"}],"wp:attachment":[{"href":"https:\/\/dimensionturistica.com\/es\/wp-json\/wp\/v2\/media?parent=831305"}],"wp:term":[{"taxonomy":"category","embeddable":true,"href":"https:\/\/dimensionturistica.com\/es\/wp-json\/wp\/v2\/categories?post=831305"},{"taxonomy":"post_tag","embeddable":true,"href":"https:\/\/dimensionturistica.com\/es\/wp-json\/wp\/v2\/tags?post=831305"}],"curies":[{"name":"wp","href":"https:\/\/api.w.org\/{rel}","templated":true}]}}