{"id":829998,"date":"2024-07-07T10:13:26","date_gmt":"2024-07-07T10:13:26","guid":{"rendered":"https:\/\/dimensionturistica.com\/es\/?p=829998"},"modified":"2024-07-07T10:13:26","modified_gmt":"2024-07-07T10:13:26","slug":"el-retorno-de-pan-am-y-la-era-dorada-de-la-aviacion-comercial-3","status":"publish","type":"post","link":"https:\/\/dimensionturistica.com\/es\/el-retorno-de-pan-am-y-la-era-dorada-de-la-aviacion-comercial-3\/","title":{"rendered":"El Retorno de Pan Am y la Era Dorada de la Aviaci\u00f3n Comercial"},"content":{"rendered":"<h3>Volar con Estilo: El Renacimiento de Pan Am y el Glamour de Viajar por los Aires<\/h3>\n<p>Cuando pensamos en la evoluci\u00f3n de los viajes, pocas im\u00e1genes evocan tanto la nostalgia y el glamour como la \u00e9poca dorada de la aviaci\u00f3n. Fue una era definida no solo por los avances tecnol\u00f3gicos que hicieron accesibles los cielos para muchos, sino tambi\u00e9n por un aura de elegancia y exclusividad que envolv\u00eda cada vuelo. Entre las compa\u00f1\u00edas a\u00e9reas que dominaron este apogeo, Pan American World Airways, conocida popularmente como Pan Am, ocup\u00f3 un lugar emblem\u00e1tico. Uno de los s\u00edmblos m\u00e1s poderosos de esta \u00e9poca dorada est\u00e1 experimentando un renacimiento que capta la imaginaci\u00f3n de los entusiastas de la aviaci\u00f3n y de aquellos que a\u00f1oran la sofisticaci\u00f3n perdida de viajar.<\/p>\n<p>Pan Am no fue solo una aerol\u00ednea; fue un icono cultural y un embajador de la globalizaci\u00f3n, llevando a pasajeros a destinos ex\u00f3ticos con un nivel de servicio y estilo que pocas veces se ha replicado desde su desaparici\u00f3n en 1991. Hoy, en un mundo donde el viaje en avi\u00f3n a menudo se percibe congestionado y desprovisto de encanto, surge un inter\u00e9s renovado por revivir la magnificencia de esos d\u00edas gloriosos.<\/p>\n<p>El grupo Air Hollywood ha tomado la batuta en este renacimiento nost\u00e1lgico, a trav\u00e9s de su iniciativa Pan Am Experience. En un hangar de Los \u00c1ngeles, se ha recreado detalladamente el interior de un Boeing 747 de Pan Am. Los pasajeros, o m\u00e1s bien, &quot;viajeros del tiempo&quot;, pueden sumergirse en una experiencia aut\u00e9ntica de vuelo vintage, que va desde los asientos de \u00e9poca hasta los uniformes de la tripulaci\u00f3n y los men\u00fas inspirados en los a\u00f1os dorados de la aviaci\u00f3n.<\/p>\n<p>La Experiencia Pan Am no se trata solo de revivir recuerdos para aquellos que volaron en la era dorada; es tambi\u00e9n una puerta abierta para las nuevas generaciones, permiti\u00e9ndoles experimentar un nivel de servicio y atenci\u00f3n al detalle pr\u00e1cticamente inexistente en el panorama actual de los viajes a\u00e9reos. Desde el check-in sin prisas hasta las cenas servidas con cubiertos de verdad y presentaciones cuidadosas, los participantes disfrutan de un viaje nost\u00e1lgico que contrasta profundamente con la naturaleza apurada y utilitaria de los viajes contempor\u00e1neos.<\/p>\n<p>Este inter\u00e9s no solo refleja un anhelo por la elegancia y el lujo, sino tambi\u00e9n un reconocimiento de la importancia que la aviaci\u00f3n ha tenido en conectar el mundo. La historia de Pan Am es inseparable de la historia de la exploraci\u00f3n y el entendimiento intercultural en el siglo XX. A trav\u00e9s de estas experiencias inmersivas, los organizadores aspiran a educar y compartir con los participantes la relevancia hist\u00f3rica y cultural de esta \u00e9poca ic\u00f3nica.<\/p>\n<p>En definitiva, el renacimiento de Pan Am y la recreaci\u00f3n de su \u00e9poca dorada ofrecen algo m\u00e1s que un viaje nost\u00e1lgico al pasado; brindan un recordatorio v\u00edvido de la maravillosa sensaci\u00f3n de aventura que sol\u00eda venir de la mano con el viaje a\u00e9reo. En una \u00e9poca donde la eficiencia y la econom\u00eda a menudo eclipsan el disfrute y la maravilla del viaje, la Pan Am Experience nos invita a recordar y celebrar los d\u00edas en que volar era en s\u00ed mismo una parte integral y emocionante de la aventura de viajar.<\/p>\n<p><em> &#8221; Sources forbes.es &#8221; <\/em><\/p>\n<p><em> &#8221; Fuentes forbes.es &#8221; <\/em><\/p>\n","protected":false},"excerpt":{"rendered":"<p>Volar con Estilo: El Renacimiento de Pan Am y el Glamour de Viajar por los Aires Cuando pensamos en la evoluci\u00f3n de los viajes, pocas im\u00e1genes evocan tanto la nostalgia y el glamour como la \u00e9poca dorada de la aviaci\u00f3n. Fue una era definida no solo por los avances tecnol\u00f3gicos que hicieron accesibles los cielos [&hellip;]<\/p>\n","protected":false},"author":4,"featured_media":830001,"comment_status":"open","ping_status":"closed","sticky":false,"template":"","format":"standard","meta":{"om_disable_all_campaigns":false,"jnews-multi-image_gallery":[],"jnews_single_post":[],"jnews_primary_category":[],"jnews_social_meta":[],"footnotes":""},"categories":[39],"tags":[181461,116934,9870],"class_list":["post-829998","post","type-post","status-publish","format-standard","has-post-thumbnail","hentry","category-viajes","tag-epoca-dorada","tag-pan-am","tag-viajes-aereos"],"_links":{"self":[{"href":"https:\/\/dimensionturistica.com\/es\/wp-json\/wp\/v2\/posts\/829998","targetHints":{"allow":["GET"]}}],"collection":[{"href":"https:\/\/dimensionturistica.com\/es\/wp-json\/wp\/v2\/posts"}],"about":[{"href":"https:\/\/dimensionturistica.com\/es\/wp-json\/wp\/v2\/types\/post"}],"author":[{"embeddable":true,"href":"https:\/\/dimensionturistica.com\/es\/wp-json\/wp\/v2\/users\/4"}],"replies":[{"embeddable":true,"href":"https:\/\/dimensionturistica.com\/es\/wp-json\/wp\/v2\/comments?post=829998"}],"version-history":[{"count":0,"href":"https:\/\/dimensionturistica.com\/es\/wp-json\/wp\/v2\/posts\/829998\/revisions"}],"wp:featuredmedia":[{"embeddable":true,"href":"https:\/\/dimensionturistica.com\/es\/wp-json\/wp\/v2\/media\/830001"}],"wp:attachment":[{"href":"https:\/\/dimensionturistica.com\/es\/wp-json\/wp\/v2\/media?parent=829998"}],"wp:term":[{"taxonomy":"category","embeddable":true,"href":"https:\/\/dimensionturistica.com\/es\/wp-json\/wp\/v2\/categories?post=829998"},{"taxonomy":"post_tag","embeddable":true,"href":"https:\/\/dimensionturistica.com\/es\/wp-json\/wp\/v2\/tags?post=829998"}],"curies":[{"name":"wp","href":"https:\/\/api.w.org\/{rel}","templated":true}]}}