{"id":829997,"date":"2024-07-07T10:13:16","date_gmt":"2024-07-07T10:13:16","guid":{"rendered":"https:\/\/dimensionturistica.com\/es\/?p=829997"},"modified":"2024-07-07T10:13:16","modified_gmt":"2024-07-07T10:13:16","slug":"el-retorno-de-pan-am-y-la-era-dorada-de-la-aviacion-comercial-2","status":"publish","type":"post","link":"https:\/\/dimensionturistica.com\/es\/el-retorno-de-pan-am-y-la-era-dorada-de-la-aviacion-comercial-2\/","title":{"rendered":"El Retorno de Pan Am y la Era Dorada de la Aviaci\u00f3n Comercial"},"content":{"rendered":"<p><strong>Reviviendo la Era Dorada de los Viajes: El Retorno de Pan Am<\/strong><\/p>\n<p>En un mundo donde el t\u00e9rmino &quot;viajar&quot; a menudo se asocia con apuros, largas colas y espacios reducidos, la a\u00f1oranza por una \u00e9poca en la que surcar los cielos era sin\u00f3nimo de lujo y glamour nunca ha sido m\u00e1s palpable. Fue durante las d\u00e9cadas de 1960 y 1970 cuando viajar representaba una experiencia en s\u00ed misma, una era dorada encabezada por ic\u00f3nicas aerol\u00edneas como Pan American World Airways, m\u00e1s conocida como Pan Am. Hoy, contra todo pron\u00f3stico, estamos al borde de presenciar el regreso de Pan Am, una noticia que ha generado un fervoroso debate sobre la posibilidad de revivir aquellos d\u00edas de esplendor en los viajes a\u00e9reos.<\/p>\n<p>Pan Am marc\u00f3 un antes y un despu\u00e9s en la historia de la aviaci\u00f3n. Fundada en 1927, fue la mayor aerol\u00ednea internacional de Estados Unidos hasta su desafortunada desaparici\u00f3n en 1991. M\u00e1s que simples vuelos, Pan Am ofrec\u00eda experiencias repletas de elegancia; desde servicio de comidas gourmet hasta amplias cabinas y un servicio impecable, todo ello envuelto en un aura de exclusividad que convert\u00eda cada viaje en un acontecimiento memorable.<\/p>\n<p>El posible renacimiento de Pan Am trae consigo el debate sobre si es posible, o incluso deseable, intentar revivir la era dorada de los viajes a\u00e9reos. Algunos argumentan que el mundo ha cambiado, que la eficiencia y la econom\u00eda han superado a la opulencia y el esplendor de anta\u00f1o. Sin embargo, hay quienes creen que, especialmente ahora, existe un mercado ansioso por experimentar ese nivel de lujo y distinci\u00f3n en los cielos. La pregunta es, \u00bfc\u00f3mo equilibrar las exigencias modernas con el deseo de recrear la magia de aquellos tiempos gloriosos?<\/p>\n<p>La estrategia detr\u00e1s de traer de vuelta a Pan Am ser\u00eda, precisamente, apelar a ese anhelo por una era de glamour sin sacrificar las comodidades y avances tecnol\u00f3gicos actuales. Imag\u00ednese abordar un avi\u00f3n no solo para llegar de un punto A a un punto B, sino para sumergirse en una experiencia \u00fanica donde cada detalle, desde el dise\u00f1o de la cabina hasta el uniforme de los auxiliares de vuelo, evoca un pasado espl\u00e9ndido pero, a la vez, se complementa con lo \u00faltimo en comodidad y tecnolog\u00eda.<\/p>\n<p>Adem\u00e1s, el regreso de Pan Am podr\u00eda representar una importante se\u00f1al en un momento en que la sostenibilidad se ha convertido en una preocupaci\u00f3n central. Integrar pr\u00e1cticas sostenibles dentro de esta visi\u00f3n rescatada no solo ser\u00eda un logro tecnol\u00f3gico y empresarial, sino tambi\u00e9n un poderoso mensaje sobre c\u00f3mo el mundo ha avanzado, reconciliando el lujo del pasado con la responsabilidad hacia el futuro.<\/p>\n<p>En \u00faltima instancia, el inter\u00e9s suscitado por el regreso de Pan Am demuestra una cosa: existe un profundo deseo de revivir la magia y la elegancia de la \u00e9poca dorada de los viajes a\u00e9reos. Ya sea condimentado con modernas consideraciones de eficiencia y sostenibilidad o simplemente como un tributo nost\u00e1lgico al pasado, la mera posibilidad de su retorno genera entusiasmo y nos recuerda que, independientemente de los tiempos, el anhelo por viajar y descubrir el mundo de una manera \u00fanica y especial, permanece inalterable.<\/p>\n<p><em> &#8221; Sources forbes.es &#8221; <\/em><\/p>\n<p><em> &#8221; Fuentes forbes.es &#8221; <\/em><\/p>\n","protected":false},"excerpt":{"rendered":"<p>Reviviendo la Era Dorada de los Viajes: El Retorno de Pan Am En un mundo donde el t\u00e9rmino &quot;viajar&quot; a menudo se asocia con apuros, largas colas y espacios reducidos, la a\u00f1oranza por una \u00e9poca en la que surcar los cielos era sin\u00f3nimo de lujo y glamour nunca ha sido m\u00e1s palpable. Fue durante las [&hellip;]<\/p>\n","protected":false},"author":4,"featured_media":830000,"comment_status":"open","ping_status":"closed","sticky":false,"template":"","format":"standard","meta":{"om_disable_all_campaigns":false,"jnews-multi-image_gallery":[],"jnews_single_post":[],"jnews_primary_category":[],"jnews_social_meta":[],"footnotes":""},"categories":[39],"tags":[181461,116934,9870],"class_list":["post-829997","post","type-post","status-publish","format-standard","has-post-thumbnail","hentry","category-viajes","tag-epoca-dorada","tag-pan-am","tag-viajes-aereos"],"_links":{"self":[{"href":"https:\/\/dimensionturistica.com\/es\/wp-json\/wp\/v2\/posts\/829997","targetHints":{"allow":["GET"]}}],"collection":[{"href":"https:\/\/dimensionturistica.com\/es\/wp-json\/wp\/v2\/posts"}],"about":[{"href":"https:\/\/dimensionturistica.com\/es\/wp-json\/wp\/v2\/types\/post"}],"author":[{"embeddable":true,"href":"https:\/\/dimensionturistica.com\/es\/wp-json\/wp\/v2\/users\/4"}],"replies":[{"embeddable":true,"href":"https:\/\/dimensionturistica.com\/es\/wp-json\/wp\/v2\/comments?post=829997"}],"version-history":[{"count":0,"href":"https:\/\/dimensionturistica.com\/es\/wp-json\/wp\/v2\/posts\/829997\/revisions"}],"wp:featuredmedia":[{"embeddable":true,"href":"https:\/\/dimensionturistica.com\/es\/wp-json\/wp\/v2\/media\/830000"}],"wp:attachment":[{"href":"https:\/\/dimensionturistica.com\/es\/wp-json\/wp\/v2\/media?parent=829997"}],"wp:term":[{"taxonomy":"category","embeddable":true,"href":"https:\/\/dimensionturistica.com\/es\/wp-json\/wp\/v2\/categories?post=829997"},{"taxonomy":"post_tag","embeddable":true,"href":"https:\/\/dimensionturistica.com\/es\/wp-json\/wp\/v2\/tags?post=829997"}],"curies":[{"name":"wp","href":"https:\/\/api.w.org\/{rel}","templated":true}]}}