{"id":829516,"date":"2024-07-05T21:51:06","date_gmt":"2024-07-05T21:51:06","guid":{"rendered":"https:\/\/dimensionturistica.com\/es\/?p=829516"},"modified":"2024-07-05T21:51:06","modified_gmt":"2024-07-05T21:51:06","slug":"pasajeros-informan-al-gobierno-de-ee-uu-un-deterioro-en-la-experiencia-de-vuelo","status":"publish","type":"post","link":"https:\/\/dimensionturistica.com\/es\/pasajeros-informan-al-gobierno-de-ee-uu-un-deterioro-en-la-experiencia-de-vuelo\/","title":{"rendered":"Pasajeros Informan al Gobierno de EE.UU. un Deterioro en la Experiencia de Vuelo"},"content":{"rendered":"<p>En los \u00faltimos tiempos, la experiencia de viajar por aire ha dejado mucho que desear, seg\u00fan relatan muchos pasajeros. Retrasos, cancelaciones, problemas con el equipaje, y una larga lista de inconvenientes parecen ser ahora la norma m\u00e1s que la excepci\u00f3n. La situaci\u00f3n ha llegado a tal punto que no son pocas las voces que se han alzado pidiendo a las autoridades tomar cartas en el asunto para mejorar la calidad del servicio a\u00e9reo.<\/p>\n<p>Los relatos son variados, pero coinciden en un punto: la frustraci\u00f3n. Muchos viajeros comparten historias de retrasos interminables en aeropuertos, con pocas explicaciones por parte de las aerol\u00edneas y menos todav\u00eda en t\u00e9rminos de soluciones. Otro tema frecuente es el de las cancelaciones de \u00faltimo minuto, dejando a los pasajeros varados, a menudo sin alternativas claras sobre c\u00f3mo proceder. Esto no solo afecta los planes de viaje sino que introduce un estr\u00e9s y una incertidumbre innecesarios a la experiencia de volar, que ya de por s\u00ed puede ser estresante.<\/p>\n<p>Pero las quejas no terminan ah\u00ed. El manejo del equipaje es otro de los grandes dolores de cabeza. No son pocos los que han llegado a su destino solo para descubrir que sus maletas han sido da\u00f1adas o peor a\u00fan, perdidas. Esto, evidentemente, supone una gran molestia, y cuando se trata de encontrar una soluci\u00f3n, aparentemente, las respuestas por parte de las compa\u00f1\u00edas no son ni tan r\u00e1pidas ni eficaces como uno esperar\u00eda.<\/p>\n<p>Ante esta ola de insatisfacci\u00f3n, los pasajeros han decidido hacer o\u00edr su voz, y no solo a trav\u00e9s de las redes sociales. Muchos han llevado sus quejas ante las autoridades, insistiendo en que se implementen regulaciones m\u00e1s estrictas para las aerol\u00edneas. Buscan, entre otras cosas, una mayor transparencia en cuanto a las pol\u00edticas de compensaci\u00f3n cuando las cosas salen mal. Lo que desean es claro: que el acto de viajar vuelva a ser esa experiencia placentera y emocionante que todos esperamos cuando compramos un billete de avi\u00f3n.<\/p>\n<p>En respuesta, las autoridades han iniciado conversaciones con diversos actores del sector a\u00e9reo. El objetivo es encontrar soluciones que permitan mejorar significativamente la calidad de los servicios ofrecidos. Desde obligar a las aerol\u00edneas a compensar mejor a los pasajeros afectados por estas situaciones, hasta mejorar los protocolos de comunicaci\u00f3n para que los viajeros est\u00e9n mejor informados y preparados frente a cualquier inconveniente.<\/p>\n<p>Para aquellos que amamos viajar, la esperanza es que estas medidas no solo mejoren la situaci\u00f3n actual sino que, adem\u00e1s, eviten que en el futuro se repitan estos desagradables escenarios. Viajar deber\u00eda ser siempre sobre las nuevas experiencias, la aventura, y la alegr\u00eda de descubrir. Con las acciones adecuadas, tanto de las aerol\u00edneas como de las autoridades reguladoras, podemos volver a mirar hacia el cielo con ilusi\u00f3n, pensando en nuestro pr\u00f3ximo destino en lugar de preocuparnos por lo que podr\u00eda salir mal en el camino.<\/p>\n<p><em> &#8221; Sources santamariatimes.com &#8221; <\/em><\/p>\n<p><em> &#8221; Fuentes santamariatimes.com &#8221; <\/em><\/p>\n","protected":false},"excerpt":{"rendered":"<p>En los \u00faltimos tiempos, la experiencia de viajar por aire ha dejado mucho que desear, seg\u00fan relatan muchos pasajeros. Retrasos, cancelaciones, problemas con el equipaje, y una larga lista de inconvenientes parecen ser ahora la norma m\u00e1s que la excepci\u00f3n. La situaci\u00f3n ha llegado a tal punto que no son pocas las voces que se [&hellip;]<\/p>\n","protected":false},"author":4,"featured_media":829517,"comment_status":"open","ping_status":"closed","sticky":false,"template":"","format":"standard","meta":{"om_disable_all_campaigns":false,"jnews-multi-image_gallery":[],"jnews_single_post":[],"jnews_primary_category":[],"jnews_social_meta":[],"footnotes":""},"categories":[39],"tags":[803,1362,698,3134,545],"class_list":["post-829516","post","type-post","status-publish","format-standard","has-post-thumbnail","hentry","category-viajes","tag-aerolineas","tag-eeuu","tag-gobierno","tag-pasajeros","tag-viajes"],"_links":{"self":[{"href":"https:\/\/dimensionturistica.com\/es\/wp-json\/wp\/v2\/posts\/829516","targetHints":{"allow":["GET"]}}],"collection":[{"href":"https:\/\/dimensionturistica.com\/es\/wp-json\/wp\/v2\/posts"}],"about":[{"href":"https:\/\/dimensionturistica.com\/es\/wp-json\/wp\/v2\/types\/post"}],"author":[{"embeddable":true,"href":"https:\/\/dimensionturistica.com\/es\/wp-json\/wp\/v2\/users\/4"}],"replies":[{"embeddable":true,"href":"https:\/\/dimensionturistica.com\/es\/wp-json\/wp\/v2\/comments?post=829516"}],"version-history":[{"count":0,"href":"https:\/\/dimensionturistica.com\/es\/wp-json\/wp\/v2\/posts\/829516\/revisions"}],"wp:featuredmedia":[{"embeddable":true,"href":"https:\/\/dimensionturistica.com\/es\/wp-json\/wp\/v2\/media\/829517"}],"wp:attachment":[{"href":"https:\/\/dimensionturistica.com\/es\/wp-json\/wp\/v2\/media?parent=829516"}],"wp:term":[{"taxonomy":"category","embeddable":true,"href":"https:\/\/dimensionturistica.com\/es\/wp-json\/wp\/v2\/categories?post=829516"},{"taxonomy":"post_tag","embeddable":true,"href":"https:\/\/dimensionturistica.com\/es\/wp-json\/wp\/v2\/tags?post=829516"}],"curies":[{"name":"wp","href":"https:\/\/api.w.org\/{rel}","templated":true}]}}