{"id":827735,"date":"2024-07-02T18:02:13","date_gmt":"2024-07-02T18:02:13","guid":{"rendered":"https:\/\/dimensionturistica.com\/es\/?p=827735"},"modified":"2024-07-02T18:02:13","modified_gmt":"2024-07-02T18:02:13","slug":"el-controvertido-aprovechamiento-del-descuento-para-residentes-por-parte-de-las-aerolineas","status":"publish","type":"post","link":"https:\/\/dimensionturistica.com\/es\/el-controvertido-aprovechamiento-del-descuento-para-residentes-por-parte-de-las-aerolineas\/","title":{"rendered":"El controvertido aprovechamiento del descuento para residentes por parte de las aerol\u00edneas"},"content":{"rendered":"<p><strong>Viajando a trav\u00e9s de la controversia: El nuevo rostro del descuento de residentes en las aerol\u00edneas<\/strong><\/p>\n<p>En el cambiante panorama del turismo, las aerol\u00edneas juegan un papel crucial, uniendo destinos y creando puentes entre culturas. Sin embargo, recientemente, una pr\u00e1ctica adoptada por algunas compa\u00f1\u00edas a\u00e9reas ha levantado el velo sobre un debate que afecta directamente a los bolsillos de los residentes de algunas regiones. Hablamos de la implementaci\u00f3n del descuento de residente, una ayuda pensada para fomentar la cohesi\u00f3n territorial y facilitar el movimiento de los habitantes de territorios insulares o alejados, pero que, al parecer, no siempre cumple su prometido prop\u00f3sito.<\/p>\n<p>Dise\u00f1ado para alentar los viajes y aminorar la brecha geogr\u00e1fica, este descuento tiene como fin \u00faltimo beneficiar a aquellos que, por raz\u00f3n de su residencia, podr\u00edan encontrarse desfavorecidos a la hora de moverse hacia o desde su lugar de origen. Sin embargo, la controversia emerge cuando se pone sobre la mesa el uso que las aerol\u00edneas hacen de dicha subvenci\u00f3n. Alegaciones sugieren que en lugar de ver una reducci\u00f3n real en el coste de sus billetes, los supuestos beneficiarios se encuentran con tarifas que parecen haber sido infladas previamente, diluyendo as\u00ed la efectividad del descuento.<\/p>\n<p>El asunto trae a colaci\u00f3n una serie de cuestionamientos respecto al compromiso real de las aerol\u00edneas con sus clientes y la transparencia en la gesti\u00f3n de estas ayudas. La controversia no solo pone en duda la integridad de estas pr\u00e1cticas, sino que tambi\u00e9n amenaza con erosionar la confianza entre los consumidores y las compa\u00f1\u00edas que deber\u00edan facilitarles el acceso a oportunidades de viaje asequibles. Este tema gana a\u00fan m\u00e1s relevancia en un momento donde la movilidad y el turismo empiezan a reponerse de los embates sufridos durante la pandemia, buscando maneras de reactivar la industria sin comprometer la equidad o la econom\u00eda de los viajeros.<\/p>\n<p>Ante esta situaci\u00f3n, se hace imperativo un llamado al di\u00e1logo entre todos los actores involucrados. Las autoridades regulatorias, las aerol\u00edneas y los grupos de consumidores tienen la tarea de escudri\u00f1ar el uso de estas subvenciones para asegurar que cumplen con su prop\u00f3sito esencial: hacer el viaje m\u00e1s accesible para los residentes de zonas remotas, sin someterlos a pr\u00e1cticas que distorsionen este noble fin. Las conversaciones deben incluir mecanismos de control y transparencia que garanticen que el descuento realmente alcance a quienes est\u00e1 destinado, sin ser absorbido por ajustes en las tarifas a\u00e9reas que terminen por neutralizar su beneficio.<\/p>\n<p>Como amantes del turismo y la exploraci\u00f3n, este debate nos invita a reflexionar sobre el rol que cada uno juega en el gran ecosistema de viajes. Desde los viajeros hasta las grandes corporaciones, es esencial promover un marco de equidad y justicia que permita a todos disfrutar de la belleza y la riqueza cultural que nuestro mundo tiene para ofrecer. Queda, pues, en nuestras manos exigir transparencia, alentar pr\u00e1cticas justas y apoyar un turismo que no solo sea sostenible desde la perspectiva ambiental, sino tambi\u00e9n equitativo y accesible para todos.<\/p>\n<p>En este viaje con escala en la controversia, el destino esperado es un captivante mundo donde viajar no sea un lujo limitado, sino un puente hacia la comprensi\u00f3n y apreciaci\u00f3n de la diversidad que nos rodea. Juntos, podemos aspirar a un horizonte en el que el descuento de residente sea realmente un veh\u00edculo para acercar a las personas, no solo f\u00edsicamente, sino tambi\u00e9n en la construcci\u00f3n de un entendimiento mutuo y respeto por las distintas realidades que componen nuestra globalizada sociedad. La aerol\u00ednea de la equidad est\u00e1 lista para despegar, y todos estamos invitados a abordar.<\/p>\n<p><em> &#8221; Sources www.preferente.com &#8221; <\/em><\/p>\n<p><em> &#8221; Sources www.preferente.com &#8221; <\/em><\/p>\n","protected":false},"excerpt":{"rendered":"<p>Viajando a trav\u00e9s de la controversia: El nuevo rostro del descuento de residentes en las aerol\u00edneas En el cambiante panorama del turismo, las aerol\u00edneas juegan un papel crucial, uniendo destinos y creando puentes entre culturas. Sin embargo, recientemente, una pr\u00e1ctica adoptada por algunas compa\u00f1\u00edas a\u00e9reas ha levantado el velo sobre un debate que afecta directamente [&hellip;]<\/p>\n","protected":false},"author":4,"featured_media":827736,"comment_status":"open","ping_status":"closed","sticky":false,"template":"","format":"standard","meta":{"om_disable_all_campaigns":false,"jnews-multi-image_gallery":[],"jnews_single_post":[],"jnews_primary_category":[],"jnews_social_meta":[],"footnotes":""},"categories":[40],"tags":[803,569,138976,93593,705],"class_list":["post-827735","post","type-post","status-publish","format-standard","has-post-thumbnail","hentry","category-industria","tag-aerolineas","tag-agencias-de-viajes","tag-controversia","tag-descuento-de-residente","tag-noticias"],"_links":{"self":[{"href":"https:\/\/dimensionturistica.com\/es\/wp-json\/wp\/v2\/posts\/827735","targetHints":{"allow":["GET"]}}],"collection":[{"href":"https:\/\/dimensionturistica.com\/es\/wp-json\/wp\/v2\/posts"}],"about":[{"href":"https:\/\/dimensionturistica.com\/es\/wp-json\/wp\/v2\/types\/post"}],"author":[{"embeddable":true,"href":"https:\/\/dimensionturistica.com\/es\/wp-json\/wp\/v2\/users\/4"}],"replies":[{"embeddable":true,"href":"https:\/\/dimensionturistica.com\/es\/wp-json\/wp\/v2\/comments?post=827735"}],"version-history":[{"count":0,"href":"https:\/\/dimensionturistica.com\/es\/wp-json\/wp\/v2\/posts\/827735\/revisions"}],"wp:featuredmedia":[{"embeddable":true,"href":"https:\/\/dimensionturistica.com\/es\/wp-json\/wp\/v2\/media\/827736"}],"wp:attachment":[{"href":"https:\/\/dimensionturistica.com\/es\/wp-json\/wp\/v2\/media?parent=827735"}],"wp:term":[{"taxonomy":"category","embeddable":true,"href":"https:\/\/dimensionturistica.com\/es\/wp-json\/wp\/v2\/categories?post=827735"},{"taxonomy":"post_tag","embeddable":true,"href":"https:\/\/dimensionturistica.com\/es\/wp-json\/wp\/v2\/tags?post=827735"}],"curies":[{"name":"wp","href":"https:\/\/api.w.org\/{rel}","templated":true}]}}