{"id":827291,"date":"2024-07-01T19:39:00","date_gmt":"2024-07-01T19:39:00","guid":{"rendered":"https:\/\/dimensionturistica.com\/es\/?p=827291"},"modified":"2024-07-01T19:39:00","modified_gmt":"2024-07-01T19:39:00","slug":"se-abre-la-convocatoria-para-inscribirse-en-los-viajes-del-imserso","status":"publish","type":"post","link":"https:\/\/dimensionturistica.com\/es\/se-abre-la-convocatoria-para-inscribirse-en-los-viajes-del-imserso\/","title":{"rendered":"Se abre la convocatoria para inscribirse en los viajes del IMSERSO"},"content":{"rendered":"<p><strong>Descubriendo Espa\u00f1a: La Oportunidad Dorada del Imserso<\/strong><\/p>\n<p>\u00bfAlguna vez has so\u00f1ado con explorar los rincones m\u00e1s espl\u00e9ndidos de Espa\u00f1a a un precio m\u00e1s que asequible? La magia de sus playas, la historia palpable en cada calle de sus ciudades y la calidez de su gente se unen en una oportunidad \u00fanica que no querr\u00e1s dejar pasar. Esta oportunidad viene de la mano del Instituto de Mayores y Servicios Sociales (Imserso), que ha inaugurado el per\u00edodo para inscribirse en su esperado programa de viajes.<\/p>\n<p>El programa, destinado a promover el turismo entre las personas mayores, ofrece estancias en destinos de reconocido prestigio tanto en la costa como en el interior, incluyendo visitas a ciudades de profundo valor cultural. Pero, \u00bfqu\u00e9 significa esto para los afortunados participantes? Significa tener la oportunidad de disfrutar del encanto de Espa\u00f1a a precios especiales, adaptados a las necesidades y posibilidades de los mayores, posibilitando as\u00ed que muchas m\u00e1s personas puedan descubrir o redescubrir las maravillas que el pa\u00eds ofrece.<\/p>\n<p>Las modalidades de los viajes son tan variadas como los destinos mismos, abarcando desde tranquilas estancias en zonas costeras, ideales para quienes buscan relajarse y disfrutar del sonido del mar, hasta rutas culturales por ciudades que son verdaderas c\u00e1psulas del tiempo, donde cada edificio, cada calle y cada monumento cuentan una historia.<\/p>\n<p>Estos viajes no solo representan una inmejorable oportunidad para el disfrute personal, sino que tambi\u00e9n conllevan un profundo impacto social y econ\u00f3mico. Son una fuente de alegr\u00eda y vitalidad para los participantes y, a la vez, contribuyen a la desestacionalizaci\u00f3n del turismo, apoyando a los destinos a mantener una actividad constante m\u00e1s all\u00e1 de las temporadas altas.<\/p>\n<p>Para aquellos interesados en aprovechar esta magn\u00edfica iniciativa, es crucial estar atentos al calendario de inscripciones y cumplir con todos los requisitos estipulados por el Imserso. La selecci\u00f3n de destinos y la programaci\u00f3n de viajes se encuentran cuidadosamente planificadas para satisfacer una amplia gama de gustos y preferencias, asegurando que cada viaje sea una experiencia memorable.<\/p>\n<p>En definitiva, esta iniciativa del Imserso no es solo una invitaci\u00f3n a viajar; es una convocator\u00eda a vivir plenamente, a reencontrarse con la belleza de Espa\u00f1a y a compartir momentos inolvidables. Es una muestra de c\u00f3mo, independientemente de la edad, siempre hay nuevas experiencias esperando a la vuelta de la esquina, nuevos paisajes por descubrir y nuevas historias por escribir. No dejes pasar esta oportunidad dorada de explorar Espa\u00f1a como nunca antes lo hab\u00edas hecho.<\/p>\n<p><em> &#8221; Sources amp.hablandoenplata.es &#8221; <\/em><\/p>\n<p><em> &#8221; Fuentes amp.hablandoenplata.es &#8221; <\/em><\/p>\n","protected":false},"excerpt":{"rendered":"<p>Descubriendo Espa\u00f1a: La Oportunidad Dorada del Imserso \u00bfAlguna vez has so\u00f1ado con explorar los rincones m\u00e1s espl\u00e9ndidos de Espa\u00f1a a un precio m\u00e1s que asequible? La magia de sus playas, la historia palpable en cada calle de sus ciudades y la calidez de su gente se unen en una oportunidad \u00fanica que no querr\u00e1s dejar [&hellip;]<\/p>\n","protected":false},"author":4,"featured_media":827043,"comment_status":"open","ping_status":"closed","sticky":false,"template":"","format":"standard","meta":{"om_disable_all_campaigns":false,"jnews-multi-image_gallery":[],"jnews_single_post":[],"jnews_primary_category":[],"jnews_social_meta":[],"footnotes":""},"categories":[39],"tags":[813,7419,6669,545],"class_list":["post-827291","post","type-post","status-publish","format-standard","has-post-thumbnail","hentry","category-viajes","tag-imserso","tag-participacion","tag-plazo","tag-viajes"],"_links":{"self":[{"href":"https:\/\/dimensionturistica.com\/es\/wp-json\/wp\/v2\/posts\/827291","targetHints":{"allow":["GET"]}}],"collection":[{"href":"https:\/\/dimensionturistica.com\/es\/wp-json\/wp\/v2\/posts"}],"about":[{"href":"https:\/\/dimensionturistica.com\/es\/wp-json\/wp\/v2\/types\/post"}],"author":[{"embeddable":true,"href":"https:\/\/dimensionturistica.com\/es\/wp-json\/wp\/v2\/users\/4"}],"replies":[{"embeddable":true,"href":"https:\/\/dimensionturistica.com\/es\/wp-json\/wp\/v2\/comments?post=827291"}],"version-history":[{"count":0,"href":"https:\/\/dimensionturistica.com\/es\/wp-json\/wp\/v2\/posts\/827291\/revisions"}],"wp:featuredmedia":[{"embeddable":true,"href":"https:\/\/dimensionturistica.com\/es\/wp-json\/wp\/v2\/media\/827043"}],"wp:attachment":[{"href":"https:\/\/dimensionturistica.com\/es\/wp-json\/wp\/v2\/media?parent=827291"}],"wp:term":[{"taxonomy":"category","embeddable":true,"href":"https:\/\/dimensionturistica.com\/es\/wp-json\/wp\/v2\/categories?post=827291"},{"taxonomy":"post_tag","embeddable":true,"href":"https:\/\/dimensionturistica.com\/es\/wp-json\/wp\/v2\/tags?post=827291"}],"curies":[{"name":"wp","href":"https:\/\/api.w.org\/{rel}","templated":true}]}}