{"id":826522,"date":"2024-06-30T03:54:22","date_gmt":"2024-06-30T03:54:22","guid":{"rendered":"https:\/\/dimensionturistica.com\/es\/?p=826522"},"modified":"2024-06-30T03:54:22","modified_gmt":"2024-06-30T03:54:22","slug":"desplome-del-turismo-debido-a-tensiones-entre-mexico-y-ecuador","status":"publish","type":"post","link":"https:\/\/dimensionturistica.com\/es\/desplome-del-turismo-debido-a-tensiones-entre-mexico-y-ecuador\/","title":{"rendered":"Desplome del turismo debido a tensiones entre M\u00e9xico y Ecuador"},"content":{"rendered":"<p><strong>La Joya Tur\u00edstica Oculta Tras un Conflicto Bilateral<\/strong><\/p>\n<p>En el vasto y colorido lienzo tur\u00edstico de Am\u00e9rica Latina, cada pa\u00eds ostenta pinceladas \u00fanicas que invitan a ser exploradas. Sin embargo, en tiempos recientes, fen\u00f3menos inesperados han borroneado algunas de estas magn\u00edficas im\u00e1genes, afectando la percepci\u00f3n y la visita de turistas internacionales. Uno de estos lamentables episodios involucra a dos naciones hermanas: M\u00e9xico y Ecuador, pa\u00edses conocidos por su rica historia, cultura vibrante y paisajes que cortan la respiraci\u00f3n.<\/p>\n<p>La situaci\u00f3n que enfrentan es complicada, y en su n\u00facleo yace un conflicto bilateral que ha tenido un notable impacto en el flujo de turistas. Pese a esto, se abre una oportunidad \u00fanica para mirar m\u00e1s all\u00e1 de los titulares y descubrir lo que estas joyas tur\u00edsticas contin\u00faan ofreciendo a aquellos viajeros deseosos de vivencias aut\u00e9nticas y ricas en cultura.<\/p>\n<p><strong>M\u00e9xico y Ecuador: Tesoros M\u00e1s All\u00e1 del Conflicto<\/strong><\/p>\n<p><strong>M\u00e9xico<\/strong>, con su vasta diversidad de paisajes que incluyen playas de arena blanca, bosques densos y desiertos \u00e1ridos, sigue siendo un destino incomparable. La riqueza cultural se puede experimentar en cada esquina, desde los majestuosos sitios arqueol\u00f3gicos mayas y aztecas hasta los coloridos pueblos y ciudades coloniales. Su gastronom\u00eda, reconocida mundialmente, ofrece una paleta de sabores intensos que son el resultado de una fusi\u00f3n \u00fanica de influencias ind\u00edgenas, espa\u00f1olas y africanas.<\/p>\n<p>Por otro lado, <strong>Ecuador<\/strong>, a pesar de ser un pa\u00eds m\u00e1s peque\u00f1o, no se queda atr\u00e1s en t\u00e9rminos de riqueza natural y cultural. Ofrece una asombrosa diversidad de ecosistemas en territorios compactos, desde las islas Gal\u00e1pagos, con su fauna \u00fanica en el mundo, hasta la impresionante Amazon\u00eda y la majestuosa cadena de volcanes a lo largo de la cordillera de los Andes. La vibrante vida cultural se hace presente en sus mercados coloridos, su m\u00fasica afroecuatoriana y sus festivales tradicionales que son un deleite para los visitantes.<\/p>\n<p><strong>La Resiliencia del Turismo ante los Desaf\u00edos<\/strong><\/p>\n<p>El conflicto bilateral entre M\u00e9xico y Ecuador, sin lugar a dudas, pone a prueba la fortaleza del sector tur\u00edstico. No obstante, ha emergido una serie de iniciativas enfocadas en transmitir un mensaje de esperanza y unidad. Los operadores tur\u00edsticos, en colaboraci\u00f3n con las comunidades locales, han redoblado esfuerzos para ofrecer experiencias m\u00e1s seguras, sostenibles y enriquecedoras que nunca.<\/p>\n<p>Adem\u00e1s de las medidas de seguridad y salud mejoradas, se est\u00e1n promoviendo programas que invitan a los turistas a involucrarse m\u00e1s profundamente con las culturas locales. Desde talleres de cocina tradicional y expediciones de ecoturismo hasta proyectos de turismo comunitario, estas iniciativas buscan fomentar un entendimiento m\u00e1s profundo y respetuoso entre visitantes y locales.<\/p>\n<p><strong>Un Llamado a la Exploraci\u00f3n Consciente<\/strong><\/p>\n<p>Ecuador y M\u00e9xico, cada uno con su encanto \u00fanico, nos recuerdan que incluso en medio de desaf\u00edos, la belleza y la aventura aguardan. Este momento de prueba para ambos pa\u00edses representa tambi\u00e9n una oportunidad valiosa para explorar con responsabilidad, buscando no s\u00f3lo la diversi\u00f3n, sino tambi\u00e9n el entendimiento y el apoyo mutuo.<\/p>\n<p>Como viajeros, tenemos el poder de contribuir al bienestar de nuestras destinaciones preferidas a trav\u00e9s de un turismo consciente y respetuoso. As\u00ed que, mientras los gobiernos trabajan en solucionar sus diferencias, nosotros podemos enfocarnos en lo que verdaderamente importa: disfrutar y preservar la inmensa riqueza cultural y natural que este extraordinario rinc\u00f3n del mundo tiene para ofrecer.<\/p>\n<p>En estos tiempos cambiantes, la invitaci\u00f3n es a mirar m\u00e1s all\u00e1 de las cifras y los titulares, a descubrir la esencia real de los destinos que a\u00fan brillan con luz propia. M\u00e9xico y Ecuador nos esperan con los brazos abiertos, listos para compartir su legado y belleza, record\u00e1ndonos que, incluso en medio del conflicto, el esp\u00edritu de exploraci\u00f3n y la pasi\u00f3n por descubrir y aprender nunca deben extinguirse.<\/p>\n<p><em> &#8221; Sources plumaslibres.com.mx &#8221; <\/em><\/p>\n<p><em> &#8221; Sources plumaslibres.com.mx &#8221; <\/em><\/p>\n","protected":false},"excerpt":{"rendered":"<p>La Joya Tur\u00edstica Oculta Tras un Conflicto Bilateral En el vasto y colorido lienzo tur\u00edstico de Am\u00e9rica Latina, cada pa\u00eds ostenta pinceladas \u00fanicas que invitan a ser exploradas. Sin embargo, en tiempos recientes, fen\u00f3menos inesperados han borroneado algunas de estas magn\u00edficas im\u00e1genes, afectando la percepci\u00f3n y la visita de turistas internacionales. Uno de estos lamentables [&hellip;]<\/p>\n","protected":false},"author":4,"featured_media":826523,"comment_status":"open","ping_status":"closed","sticky":false,"template":"","format":"standard","meta":{"om_disable_all_campaigns":false,"jnews-multi-image_gallery":[],"jnews_single_post":[],"jnews_primary_category":[],"jnews_social_meta":[],"footnotes":""},"categories":[40],"tags":[7425,2143,769,544],"class_list":["post-826522","post","type-post","status-publish","format-standard","has-post-thumbnail","hentry","category-industria","tag-conflicto","tag-ecuador","tag-mexico","tag-turismo"],"_links":{"self":[{"href":"https:\/\/dimensionturistica.com\/es\/wp-json\/wp\/v2\/posts\/826522","targetHints":{"allow":["GET"]}}],"collection":[{"href":"https:\/\/dimensionturistica.com\/es\/wp-json\/wp\/v2\/posts"}],"about":[{"href":"https:\/\/dimensionturistica.com\/es\/wp-json\/wp\/v2\/types\/post"}],"author":[{"embeddable":true,"href":"https:\/\/dimensionturistica.com\/es\/wp-json\/wp\/v2\/users\/4"}],"replies":[{"embeddable":true,"href":"https:\/\/dimensionturistica.com\/es\/wp-json\/wp\/v2\/comments?post=826522"}],"version-history":[{"count":0,"href":"https:\/\/dimensionturistica.com\/es\/wp-json\/wp\/v2\/posts\/826522\/revisions"}],"wp:featuredmedia":[{"embeddable":true,"href":"https:\/\/dimensionturistica.com\/es\/wp-json\/wp\/v2\/media\/826523"}],"wp:attachment":[{"href":"https:\/\/dimensionturistica.com\/es\/wp-json\/wp\/v2\/media?parent=826522"}],"wp:term":[{"taxonomy":"category","embeddable":true,"href":"https:\/\/dimensionturistica.com\/es\/wp-json\/wp\/v2\/categories?post=826522"},{"taxonomy":"post_tag","embeddable":true,"href":"https:\/\/dimensionturistica.com\/es\/wp-json\/wp\/v2\/tags?post=826522"}],"curies":[{"name":"wp","href":"https:\/\/api.w.org\/{rel}","templated":true}]}}