{"id":826190,"date":"2024-06-29T07:50:13","date_gmt":"2024-06-29T07:50:13","guid":{"rendered":"https:\/\/dimensionturistica.com\/es\/?p=826190"},"modified":"2024-06-29T07:50:13","modified_gmt":"2024-06-29T07:50:13","slug":"un-nuevo-barco-de-lujo-arribara-a-puerto-vallarta-en-2026","status":"publish","type":"post","link":"https:\/\/dimensionturistica.com\/es\/un-nuevo-barco-de-lujo-arribara-a-puerto-vallarta-en-2026\/","title":{"rendered":"Un nuevo barco de lujo arribar\u00e1 a Puerto Vallarta en 2026"},"content":{"rendered":"<p><strong>Explorando la Belleza Oculta de M\u00e9xico: Un Pueblo M\u00e1gico Entre el Mar y La Monta\u00f1a<\/strong><\/p>\n<p>En el coraz\u00f3n de la vasta y variada geograf\u00eda mexicana, existe un lugar donde el tiempo parece detenerse, y las maravillas naturales se encuentran en cada esquina: Careyes. Este rinc\u00f3n, menos conocido pero profundamente encantador, se sit\u00faa en el Pac\u00edfico mexicano, una regi\u00f3n que combina el salvaje encanto de la naturaleza con una cultura vibrante y hospitalaria.<\/p>\n<p>Careyes se destaca, en primer lugar, por su impresionante naturaleza. Aqu\u00ed, el azul profundo del Pac\u00edfico se encuentra con el verde esmeralda de la selva tropical, creando paisajes que parecen sacados de una obra de arte. Las playas v\u00edrgenes est\u00e1n rodeadas de acantilados y la flora y fauna locales ofrecen a los visitantes un espect\u00e1culo sin igual. Es un lugar que invita tanto al descanso como a la aventura, propiciando actividades como la observaci\u00f3n de aves, el kayakismo, o simplemente, la contemplaci\u00f3n del ocaso desde una playa desierta.<\/p>\n<p>No obstante, Careyes es mucho m\u00e1s que un para\u00edso natural. Es tambi\u00e9n un centro de cultura y arte, un aspecto que se refleja en sus vibrantes eventos y festivales. Uno de los m\u00e1s destacados es el Festival Internacional de Arte, que re\u00fane a artistas, m\u00fasicos, cineastas y pensadores de todo el mundo. Durante este evento, el pueblo se convierte en un hervidero de creatividad y discusi\u00f3n, ofreciendo exposiciones, proyecciones de pel\u00edculas, conciertos y conferencias que son abiertos a todos los visitantes y residentes.<\/p>\n<p>La arquitectura de Careyes merece una menci\u00f3n especial. Lejos de las construcciones masivas y repetitivas de los centros tur\u00edsticos habituales, aqu\u00ed cada edificaci\u00f3n tiene su personalidad, respetando el entorno y destacando por su dise\u00f1o \u00fanico. Las &quot;Casitas&quot; de colores brillantes, villas elegantes con vistas al mar y los ic\u00f3nicos &quot;Castillos&quot;, hacen de Careyes un museo al aire libre, donde la arquitectura se fusiona con la naturaleza.<\/p>\n<p>Adem\u00e1s, Careyes es una comunidad comprometida con la sostenibilidad. A trav\u00e9s de diversas iniciativas, como programas de conservaci\u00f3n de tortugas marinas y reforestaci\u00f3n, este destino demuestra que el turismo y la ecolog\u00eda pueden ir de la mano. Aqu\u00ed, los visitantes pueden participar en liberaciones de tortugas o aprender sobre la flora y fauna local, experiencias que enriquecen el viaje y fomentan una conciencia ambiental.<\/p>\n<p>Finalmente, no se puede hablar de Careyes sin mencionar su exquisita gastronom\u00eda. Los restaurantes locales sirven lo mejor de la cocina mexicana, con un \u00e9nfasis en los productos del mar y los ingredientes frescos de la regi\u00f3n. Cada plato es una celebraci\u00f3n de los sabores mexicanos, perfecto para acompa\u00f1ar con un c\u00f3ctel de frutas tropicales mientras se disfruta de una vista sin igual.<\/p>\n<p>Careyes es, sin duda, una joya oculta de M\u00e9xico, ofreciendo una mezcla \u00fanica de belleza natural, cultura, arte, sostenibilidad y gastronom\u00eda. Es un destino que invita a ser explorado con los cinco sentidos, donde cada visita revela algo nuevo y cada experiencia deja un recuerdo imborrable. Para aquellos viajeros en busca de un destino fuera de lo com\u00fan, Careyes promete una escapada como ninguna otra.<\/p>\n<p><em> &#8221; Sources www.elarsenal.net &#8221; <\/em><\/p>\n<p><em> &#8221; Fuentes www.elarsenal.net &#8221; <\/em><\/p>\n","protected":false},"excerpt":{"rendered":"<p>Explorando la Belleza Oculta de M\u00e9xico: Un Pueblo M\u00e1gico Entre el Mar y La Monta\u00f1a En el coraz\u00f3n de la vasta y variada geograf\u00eda mexicana, existe un lugar donde el tiempo parece detenerse, y las maravillas naturales se encuentran en cada esquina: Careyes. Este rinc\u00f3n, menos conocido pero profundamente encantador, se sit\u00faa en el Pac\u00edfico [&hellip;]<\/p>\n","protected":false},"author":4,"featured_media":826191,"comment_status":"open","ping_status":"closed","sticky":false,"template":"","format":"standard","meta":{"om_disable_all_campaigns":false,"jnews-multi-image_gallery":[],"jnews_single_post":[],"jnews_primary_category":[],"jnews_social_meta":[],"footnotes":""},"categories":[41],"tags":[55723,179727,631],"class_list":["post-826190","post","type-post","status-publish","format-standard","has-post-thumbnail","hentry","category-cruceros","tag-55723","tag-nuevo-crucero-de-lujo","tag-puerto-vallarta"],"_links":{"self":[{"href":"https:\/\/dimensionturistica.com\/es\/wp-json\/wp\/v2\/posts\/826190","targetHints":{"allow":["GET"]}}],"collection":[{"href":"https:\/\/dimensionturistica.com\/es\/wp-json\/wp\/v2\/posts"}],"about":[{"href":"https:\/\/dimensionturistica.com\/es\/wp-json\/wp\/v2\/types\/post"}],"author":[{"embeddable":true,"href":"https:\/\/dimensionturistica.com\/es\/wp-json\/wp\/v2\/users\/4"}],"replies":[{"embeddable":true,"href":"https:\/\/dimensionturistica.com\/es\/wp-json\/wp\/v2\/comments?post=826190"}],"version-history":[{"count":0,"href":"https:\/\/dimensionturistica.com\/es\/wp-json\/wp\/v2\/posts\/826190\/revisions"}],"wp:featuredmedia":[{"embeddable":true,"href":"https:\/\/dimensionturistica.com\/es\/wp-json\/wp\/v2\/media\/826191"}],"wp:attachment":[{"href":"https:\/\/dimensionturistica.com\/es\/wp-json\/wp\/v2\/media?parent=826190"}],"wp:term":[{"taxonomy":"category","embeddable":true,"href":"https:\/\/dimensionturistica.com\/es\/wp-json\/wp\/v2\/categories?post=826190"},{"taxonomy":"post_tag","embeddable":true,"href":"https:\/\/dimensionturistica.com\/es\/wp-json\/wp\/v2\/tags?post=826190"}],"curies":[{"name":"wp","href":"https:\/\/api.w.org\/{rel}","templated":true}]}}