{"id":825294,"date":"2024-06-27T19:44:10","date_gmt":"2024-06-27T19:44:10","guid":{"rendered":"https:\/\/dimensionturistica.com\/es\/40-must-visit-bars-and-restaurants-in-valencia-chef-recommendations-for-the-summer\/"},"modified":"2024-06-27T19:44:10","modified_gmt":"2024-06-27T19:44:10","slug":"40-must-visit-bars-and-restaurants-in-valencia-chef-recommendations-for-the-summer","status":"publish","type":"post","link":"https:\/\/dimensionturistica.com\/es\/40-must-visit-bars-and-restaurants-in-valencia-chef-recommendations-for-the-summer\/","title":{"rendered":"40 Must-Visit Bars and Restaurants in Valencia: Chef Recommendations for the Summer"},"content":{"rendered":"<p>El Verano de 2024 se perfila ya como una convocatoria especial para quienes aman disfrutar de paisajes inolvidables y atm\u00f3sferas \u00fanicas. Valencia, esa joya del Mediterr\u00e1neo conocida por su vibrante cultura y su exquisita gastronom\u00eda, se est\u00e1 preparando para ofrecer una experiencia sin precedentes: una temporada estival centrada en la contemplaci\u00f3n de los m\u00e1s espectaculares atardeceres, patrocinada por la prestigiosa marca Repsol.<\/p>\n<p>A medida que el sol comienza su danza descendente en el horizonte, ba\u00f1ando el cielo con tonos de oro, rosa y p\u00farpura, locales y visitantes encontrar\u00e1n una multitud de espacios y actividades dise\u00f1adas para disfrutar de este espect\u00e1culo natural de una forma completamente nueva. Desde terrazas con vistas privilegiadas hasta experiencias gastron\u00f3micas al aire libre que prometen hacer de cada cena algo inolvidable, Valencia se dispone a capturar la esencia de los atardeceres veraniegos como ning\u00fan otro destino lo ha hecho antes.<\/p>\n<p>La propuesta es clara: transformar esos momentos en los que el d\u00eda se funde con la noche en experiencias sensoriales y emotivas, en las cuales cada individuo pueda conectar no solo con la naturaleza, sino tambi\u00e9n con la cultura y el esp\u00edritu de Valencia. Para ello, se han cuidadosamente seleccionado emplazamientos caracter\u00edsticos, desde las amplias playas de arenas suaves hasta terrazas urbanas y miradores ocultos en el coraz\u00f3n de la ciudad, cada uno ofreciendo una perspectiva \u00fanica para decir adi\u00f3s al sol.<\/p>\n<p>Pero m\u00e1s all\u00e1 de contemplar, se invita a los asistentes a sumergirse de lleno en actividades que vayan desde clases de yoga al atardecer, capaces de transportar a cualquier participante a un estado de paz y conexi\u00f3n, hasta conciertos ac\u00fasticos que prometen armonizar a la perfecci\u00f3n con el ritmo pausado del ocaso. De esta manera, se busca crear no solo momentos, sino recuerdos imborrables que se atesorar\u00e1n para siempre.<\/p>\n<p>El Verano de 2024 en Valencia tambi\u00e9n estar\u00e1 marcado por una oferta culinaria sin igual. Restaurantes y chiringuitos a lo largo de la costa se est\u00e1n preparando para la ocasi\u00f3n, ideando men\u00fas que encapsulen el esp\u00edritu del atardecer con platos ligeros, refrescantes y, por supuesto, deliciosamente mediterr\u00e1neos. La gastronom\u00eda se convierte as\u00ed en otra v\u00eda para experimentar el atardecer, en un maridaje perfecto entre el sabor y el espect\u00e1culo visual que ofrece el cielo.<\/p>\n<p>Este verano promete ser un tributo al atardecer, ese momento del d\u00eda que invita a la reflexi\u00f3n, a la calma y al asombro, y Valencia se erige como el escenario id\u00f3neo para vivirlo. La alianza entre la naturaleza y la oferta cultural y de ocio de la ciudad teje una experiencia \u00fanica que espera ser descubierta. Por tanto, ya sea que te considere un rom\u00e1ntico empedernido, un amante del buen comer, o simplemente alguien en busca de nuevas experiencias, Valencia en el verano de 2024 te invita a sumergirte en la magia de sus atardeceres. No cabe duda de que ser\u00e1 un evento que transformar\u00e1 la manera en que vivimos y recordamos los \u00faltimos toques de luz del d\u00eda.<\/p>\n<p><em> &#8221; Sources valenciasecreta.com &#8221; <\/em><\/p>\n","protected":false},"excerpt":{"rendered":"<p>El Verano de 2024 se perfila ya como una convocatoria especial para quienes aman disfrutar de paisajes inolvidables y atm\u00f3sferas \u00fanicas. Valencia, esa joya del Mediterr\u00e1neo conocida por su vibrante cultura y su exquisita gastronom\u00eda, se est\u00e1 preparando para ofrecer una experiencia sin precedentes: una temporada estival centrada en la contemplaci\u00f3n de los m\u00e1s espectaculares [&hellip;]<\/p>\n","protected":false},"author":2,"featured_media":825297,"comment_status":"open","ping_status":"closed","sticky":false,"template":"","format":"standard","meta":{"om_disable_all_campaigns":false,"jnews-multi-image_gallery":[],"jnews_single_post":[],"jnews_primary_category":[],"jnews_social_meta":[],"footnotes":""},"categories":[43],"tags":[179966,179965,179963,179964],"class_list":["post-825294","post","type-post","status-publish","format-standard","has-post-thumbnail","hentry","category-gourmet","tag-chef-recommendations","tag-summer-dining","tag-valencian-bars","tag-valencian-restaurants"],"_links":{"self":[{"href":"https:\/\/dimensionturistica.com\/es\/wp-json\/wp\/v2\/posts\/825294","targetHints":{"allow":["GET"]}}],"collection":[{"href":"https:\/\/dimensionturistica.com\/es\/wp-json\/wp\/v2\/posts"}],"about":[{"href":"https:\/\/dimensionturistica.com\/es\/wp-json\/wp\/v2\/types\/post"}],"author":[{"embeddable":true,"href":"https:\/\/dimensionturistica.com\/es\/wp-json\/wp\/v2\/users\/2"}],"replies":[{"embeddable":true,"href":"https:\/\/dimensionturistica.com\/es\/wp-json\/wp\/v2\/comments?post=825294"}],"version-history":[{"count":0,"href":"https:\/\/dimensionturistica.com\/es\/wp-json\/wp\/v2\/posts\/825294\/revisions"}],"wp:featuredmedia":[{"embeddable":true,"href":"https:\/\/dimensionturistica.com\/es\/wp-json\/wp\/v2\/media\/825297"}],"wp:attachment":[{"href":"https:\/\/dimensionturistica.com\/es\/wp-json\/wp\/v2\/media?parent=825294"}],"wp:term":[{"taxonomy":"category","embeddable":true,"href":"https:\/\/dimensionturistica.com\/es\/wp-json\/wp\/v2\/categories?post=825294"},{"taxonomy":"post_tag","embeddable":true,"href":"https:\/\/dimensionturistica.com\/es\/wp-json\/wp\/v2\/tags?post=825294"}],"curies":[{"name":"wp","href":"https:\/\/api.w.org\/{rel}","templated":true}]}}