{"id":824258,"date":"2024-06-26T05:12:15","date_gmt":"2024-06-26T05:12:15","guid":{"rendered":"https:\/\/dimensionturistica.com\/es\/?p=824258"},"modified":"2024-06-26T05:12:15","modified_gmt":"2024-06-26T05:12:15","slug":"explorar-destinos-para-descubrirnos-una-perspectiva-de-ad-mexico-y-latinoamerica","status":"publish","type":"post","link":"https:\/\/dimensionturistica.com\/es\/explorar-destinos-para-descubrirnos-una-perspectiva-de-ad-mexico-y-latinoamerica\/","title":{"rendered":"Explorar Destinos para Descubrirnos: Una Perspectiva de AD M\u00e9xico y Latinoam\u00e9rica"},"content":{"rendered":"<p><strong>Redescubriendo la Magia a Trav\u00e9s de Viajes<\/strong><\/p>\n<p>En nuestro mundo acelerado, donde cada d\u00eda parece esfumarse m\u00e1s r\u00e1pido que el anterior, encontramos un ant\u00eddoto singular y poderoso: viajar. M\u00e1s que un escape, los viajes se revelan como una exploraci\u00f3n profunda de nosotros mismos y del vasto y rico tapiz de culturas, paisajes y historias que conforman nuestro mundo.<\/p>\n<p>Cuando nos aventuramos fuera de los l\u00edmites de lo conocido, hacia tierras y culturas desconocidas, nos embarcamos en una jornada que es tanto exterior como interior. Cada destino, con su singular belleza y complejidad, se convierte en un espejo que nos refleja bajo una luz diferente, desafiando nuestras percepciones y expandiendo nuestro entendimiento del mundo y, a su vez, de nosotros mismos.<\/p>\n<p>Esta exploraci\u00f3n trasciende la superficie; nos invita a profundizar en las tradiciones y el arte que dan forma a cada comunidad. A trav\u00e9s de ella, descubrimos que, m\u00e1s all\u00e1 de las diferencias aparentes, hay hilos universales que nos unen: la creatividad, la resiliencia y la capacidad de encontrar belleza y significado incluso en los momentos m\u00e1s desafiantes.<\/p>\n<p>La inmersi\u00f3n en nuevas culturas act\u00faa como un recordatorio de nuestra humanidad compartida, revelando la riqueza que nace de la diversidad. Pasear por calles que vibran al ritmo de historias antiguas y futuros por escribir, cenar bajo cielos que han sido musa de poetas y so\u00f1adores, o simplemente contemplar paisajes que se expanden y transforman con el paso del tiempo, son experiencias que nos conectan m\u00e1s profundamente con el mundo y con nosotros mismos.<\/p>\n<p>Adem\u00e1s, el arte y la arquitectura sirven de veh\u00edculos para este viaje transformador, actuando como puentes entre el pasado y el presente, lo individual y lo colectivo. Son testigos silenciosos de la evoluci\u00f3n de las sociedades y catalizadores para el cambio y la inspiraci\u00f3n. Observar una obra de arte o una estructura dise\u00f1ada con maestr\u00eda no es simplemente apreciar la est\u00e9tica; es participar en un di\u00e1logo que trasciende el tiempo y el espacio, invit\u00e1ndonos a reflexionar sobre qui\u00e9nes somos y qui\u00e9nes deseamos ser.<\/p>\n<p>As\u00ed, los viajes se convierten en una celebraci\u00f3n de las m\u00faltiples formas de la belleza y la creatividad humana. Nos invitan a salir de nuestra zona de confort, a desafiar nuestras ideas preconcebidas y a abrirnos a nuevas experiencias y perspectivas. Nos recuerdan que en la diversidad est\u00e1 nuestra fuerza y en la exploraci\u00f3n, la oportunidad de redescubrimiento.<\/p>\n<p>Viajar, entonces, es m\u00e1s que el simple acto de moverse de un lugar a otro; es un viaje hacia el entendimiento, un camino que nos lleva a encontrarnos a nosotros mismos en la mirada del otro. Y en cada retorno, volvemos transformados, cargados no s\u00f3lo de recuerdos, sino de un entendimiento m\u00e1s profundo de nuestro lugar en el mundo. As\u00ed, en cada despedida hay una promesa, en cada regreso, una nueva visi\u00f3n.<\/p>\n<p>Por todo esto, los animo a que vean cada viaje no s\u00f3lo como una oportunidad para descansar y rejuvenecer, sino tambi\u00e9n como una puerta hacia el autodescubrimiento y la conexi\u00f3n. En cada viaje, hay una oportunidad de encontrarnos, y en ese encuentro, la posibilidad de transformar no solo nuestra percepci\u00f3n del mundo, sino tambi\u00e9n la de nosotros mismos.<\/p>\n<p><em> &#8221; Sources www.admagazine.com &#8221; <\/em><\/p>\n<p><em> &#8221; Fuentes www.admagazine.com &#8221; <\/em><\/p>\n","protected":false},"excerpt":{"rendered":"<p>Redescubriendo la Magia a Trav\u00e9s de Viajes En nuestro mundo acelerado, donde cada d\u00eda parece esfumarse m\u00e1s r\u00e1pido que el anterior, encontramos un ant\u00eddoto singular y poderoso: viajar. M\u00e1s que un escape, los viajes se revelan como una exploraci\u00f3n profunda de nosotros mismos y del vasto y rico tapiz de culturas, paisajes y historias que [&hellip;]<\/p>\n","protected":false},"author":4,"featured_media":824259,"comment_status":"open","ping_status":"closed","sticky":false,"template":"","format":"standard","meta":{"om_disable_all_campaigns":false,"jnews-multi-image_gallery":[],"jnews_single_post":[],"jnews_primary_category":[],"jnews_social_meta":[],"footnotes":""},"categories":[39],"tags":[179708,179707,8938,1289,1042,790,545],"class_list":["post-824258","post","type-post","status-publish","format-standard","has-post-thumbnail","hentry","category-viajes","tag-ad-mexico","tag-carta-editorial","tag-encuentros","tag-hoteles","tag-latinoamerica","tag-viajar","tag-viajes"],"_links":{"self":[{"href":"https:\/\/dimensionturistica.com\/es\/wp-json\/wp\/v2\/posts\/824258","targetHints":{"allow":["GET"]}}],"collection":[{"href":"https:\/\/dimensionturistica.com\/es\/wp-json\/wp\/v2\/posts"}],"about":[{"href":"https:\/\/dimensionturistica.com\/es\/wp-json\/wp\/v2\/types\/post"}],"author":[{"embeddable":true,"href":"https:\/\/dimensionturistica.com\/es\/wp-json\/wp\/v2\/users\/4"}],"replies":[{"embeddable":true,"href":"https:\/\/dimensionturistica.com\/es\/wp-json\/wp\/v2\/comments?post=824258"}],"version-history":[{"count":0,"href":"https:\/\/dimensionturistica.com\/es\/wp-json\/wp\/v2\/posts\/824258\/revisions"}],"wp:featuredmedia":[{"embeddable":true,"href":"https:\/\/dimensionturistica.com\/es\/wp-json\/wp\/v2\/media\/824259"}],"wp:attachment":[{"href":"https:\/\/dimensionturistica.com\/es\/wp-json\/wp\/v2\/media?parent=824258"}],"wp:term":[{"taxonomy":"category","embeddable":true,"href":"https:\/\/dimensionturistica.com\/es\/wp-json\/wp\/v2\/categories?post=824258"},{"taxonomy":"post_tag","embeddable":true,"href":"https:\/\/dimensionturistica.com\/es\/wp-json\/wp\/v2\/tags?post=824258"}],"curies":[{"name":"wp","href":"https:\/\/api.w.org\/{rel}","templated":true}]}}