{"id":822174,"date":"2024-06-21T18:41:37","date_gmt":"2024-06-21T18:41:37","guid":{"rendered":"https:\/\/dimensionturistica.com\/es\/?p=822174"},"modified":"2024-06-21T18:41:37","modified_gmt":"2024-06-21T18:41:37","slug":"imserso-una-oportunidad-desaprovechada-para-optimizar-los-viajes-noticias-sobre-agencias-de-viajes","status":"publish","type":"post","link":"https:\/\/dimensionturistica.com\/es\/imserso-una-oportunidad-desaprovechada-para-optimizar-los-viajes-noticias-sobre-agencias-de-viajes\/","title":{"rendered":"Imserso: una oportunidad desaprovechada para optimizar los viajes | Noticias sobre Agencias de Viajes"},"content":{"rendered":"<h3>El Imserso y la Evoluci\u00f3n Pendiente de los Viajes para Mayores<\/h3>\n<p>En el vasto y variado panorama del turismo, una iniciativa ha destacado durante a\u00f1os por su nobleza y tes\u00f3n: los viajes del Imserso. Este programa, destinado a ofrecer oportunidades de ocio y descanso a las personas mayores, ha marcado la diferencia en la calidad de vida de muchos. No obstante, a pesar de sus innumerables beneficios, la evoluci\u00f3n de estos viajes merece hoy m\u00e1s que nunca un cap\u00edtulo de reflexi\u00f3n y renovaci\u00f3n.<\/p>\n<p>Gestionado con el objetivo de promover el bienestar entre los seniors, el programa ha enfrentado diversas vicisitudes y desaf\u00edos que invitan a una mirada cr\u00edtica sobre su implementaci\u00f3n. Se trata, sin duda, de una iniciativa fundamental que ha contribuido no solo al enriquecimiento personal de los participantes, sino tambi\u00e9n al impulso econ\u00f3mico de muchas zonas tur\u00edsticas. Sin embargo, la pregunta persiste: \u00bfes suficiente con mantener el statu quo, o es momento de aspirar a m\u00e1s?<\/p>\n<p>Los tiempos cambian, y con ellos, las expectativas y necesidades de los viajeros. El perfil del turista s\u00e9nior de hoy difiere considerablemente del de hace unas d\u00e9cadas. M\u00e1s activos, m\u00e1s curiosos y con una mayor disposici\u00f3n a explorar nuevas experiencias, los mayores demandan una oferta tur\u00edstica que se ajuste a sus deseos actuales. La rigidez program\u00e1tica y una oferta que en ocasiones se percibe desactualizada no hacen justicia al potencial de una iniciativa como el Imserso.<\/p>\n<p>La oportunidad perdida, entonces, yace en la renovaci\u00f3n atrasada de estos viajes. Es imperativo repensar el programa con un enfoque m\u00e1s moderno y flexible, que no solo contemple destinos tradicionales o estancias de relax, sino que tambi\u00e9n incluya propuestas culturales, aventuras ligeras y experiencias educativas adaptadas. Asimismo, la digitalizaci\u00f3n representa un campo a\u00fan por explorar con profundidad. Ofrecer alternativas de reserva y personalizaci\u00f3n en l\u00ednea podr\u00eda acercar el programa a las nuevas generaciones de mayores, quienes se muestran cada vez m\u00e1s diestros en el uso de tecnolog\u00edas.<\/p>\n<p>El di\u00e1logo entre los organizadores del programa, los prestadores de servicios tur\u00edsticos y las comunidades locales es fundamental para enriquecer la oferta. Escuchar y entender las preferencias del p\u00fablico objetivo permitir\u00e1 no solo actualizar los itinerarios y actividades, sino tambi\u00e9n garantizar que estos sean de la m\u00e1s alta calidad y seguridad.<\/p>\n<p>En un mundo que envejece, donde la poblaci\u00f3n mayor es un segmento en constante crecimiento, los viajes del Imserso tienen el potencial de transformarse en un referente internacional del turismo inclusivo y generador de bienestar. Para ello, es necesario abrazar la innovaci\u00f3n y la creatividad, manteniendo siempre el foco en el verdadero coraz\u00f3n del programa: las personas mayores.<\/p>\n<p>La renovaci\u00f3n de los viajes del Imserso no es solo una necesidad, sino una oportunidad extraordinaria para liderar el camino hacia un turismo m\u00e1s inclusivo, diverso y enriquecedor. En este sendero de evoluci\u00f3n, el bienestar y la satisfacci\u00f3n de nuestros mayores debe ser la br\u00fajula que gu\u00ede cada decisi\u00f3n y cada nuevo camino explorado.<\/p>\n<p><em> &#8221; Sources www.preferente.com &#8221; <\/em><\/p>\n<p><em> &#8221; Fuentes www.preferente.com &#8221; <\/em><\/p>\n","protected":false},"excerpt":{"rendered":"<p>El Imserso y la Evoluci\u00f3n Pendiente de los Viajes para Mayores En el vasto y variado panorama del turismo, una iniciativa ha destacado durante a\u00f1os por su nobleza y tes\u00f3n: los viajes del Imserso. Este programa, destinado a ofrecer oportunidades de ocio y descanso a las personas mayores, ha marcado la diferencia en la calidad [&hellip;]<\/p>\n","protected":false},"author":4,"featured_media":822175,"comment_status":"open","ping_status":"closed","sticky":false,"template":"","format":"standard","meta":{"om_disable_all_campaigns":false,"jnews-multi-image_gallery":[],"jnews_single_post":[],"jnews_primary_category":[],"jnews_social_meta":[],"footnotes":""},"categories":[39],"tags":[569,813,179059,544],"class_list":["post-822174","post","type-post","status-publish","format-standard","has-post-thumbnail","hentry","category-viajes","tag-agencias-de-viajes","tag-imserso","tag-oportunidades-perdidas","tag-turismo"],"_links":{"self":[{"href":"https:\/\/dimensionturistica.com\/es\/wp-json\/wp\/v2\/posts\/822174","targetHints":{"allow":["GET"]}}],"collection":[{"href":"https:\/\/dimensionturistica.com\/es\/wp-json\/wp\/v2\/posts"}],"about":[{"href":"https:\/\/dimensionturistica.com\/es\/wp-json\/wp\/v2\/types\/post"}],"author":[{"embeddable":true,"href":"https:\/\/dimensionturistica.com\/es\/wp-json\/wp\/v2\/users\/4"}],"replies":[{"embeddable":true,"href":"https:\/\/dimensionturistica.com\/es\/wp-json\/wp\/v2\/comments?post=822174"}],"version-history":[{"count":0,"href":"https:\/\/dimensionturistica.com\/es\/wp-json\/wp\/v2\/posts\/822174\/revisions"}],"wp:featuredmedia":[{"embeddable":true,"href":"https:\/\/dimensionturistica.com\/es\/wp-json\/wp\/v2\/media\/822175"}],"wp:attachment":[{"href":"https:\/\/dimensionturistica.com\/es\/wp-json\/wp\/v2\/media?parent=822174"}],"wp:term":[{"taxonomy":"category","embeddable":true,"href":"https:\/\/dimensionturistica.com\/es\/wp-json\/wp\/v2\/categories?post=822174"},{"taxonomy":"post_tag","embeddable":true,"href":"https:\/\/dimensionturistica.com\/es\/wp-json\/wp\/v2\/tags?post=822174"}],"curies":[{"name":"wp","href":"https:\/\/api.w.org\/{rel}","templated":true}]}}