{"id":822119,"date":"2024-06-21T16:56:22","date_gmt":"2024-06-21T16:56:22","guid":{"rendered":"https:\/\/dimensionturistica.com\/es\/?p=822119"},"modified":"2024-06-21T16:56:22","modified_gmt":"2024-06-21T16:56:22","slug":"un-barco-de-crucero-salva-a-cayuco-y-encuentra-cinco-fallecidos-a-casi-800-kilometros-de-la-isla-el-hierro","status":"publish","type":"post","link":"https:\/\/dimensionturistica.com\/es\/un-barco-de-crucero-salva-a-cayuco-y-encuentra-cinco-fallecidos-a-casi-800-kilometros-de-la-isla-el-hierro\/","title":{"rendered":"Un barco de crucero salva a cayuco y encuentra cinco fallecidos a casi 800 kil\u00f3metros de la isla El Hierro"},"content":{"rendered":"<p>En el coraz\u00f3n emocional de muchos viajeros, yacen relatos no solo de lugares maravillosos y encuentros fortuitos, sino tambi\u00e9n historias que reflejan las facetas m\u00e1s reales y a veces crudas de la humanidad y su incesante movimiento a trav\u00e9s de los vastos oc\u00e9anos.<\/p>\n<p>Recientemente, un episodio desgarrador se desenvolvi\u00f3 en las aguas cercanas a la isla de El Hierro, uno de los puntos m\u00e1s meridionales del archipi\u00e9lago canario. Un cayuco, embarcaci\u00f3n usada frecuentemente por migrantes en un intento por alcanzar nuevas orillas en busca de esperanza y nuevas oportunidades, fue encontrado con 73 ocupantes a bordo. La traves\u00eda, cargada de sue\u00f1os y esperanzas, concluy\u00f3 con una nota sombr\u00eda al elevarse a seis el n\u00famero de fallecidos, testimonio de la peligrosidad y desesperaci\u00f3n que conlleva embarcarse en rutas mar\u00edtimas plagadas de incertidumbre.<\/p>\n<p>Estos incidentes, aunque conmovedores, abren la puerta a una reflexi\u00f3n profunda sobre el din\u00e1mico tejido de conexiones entre destinos, no s\u00f3lo como simples puntos en un mapa, sino como lugares entrelazados en la complejidad de las motivaciones humanas, su coraje y sus crisis. Es un recordatorio, no s\u00f3lo de la vulnerabilidad de aquellos que se enfrentan a situaciones l\u00edmite, sino tambi\u00e9n del esp\u00edritu inquebrantable que impulsa a las personas a buscar un futuro mejor, a pesar de los enormes riesgos.<\/p>\n<p>El Hierro, conocida por su tranquilidad, belleza natural y un destino para aquellos que buscan escapar de la vor\u00e1gine de la vida cotidiana, se ve as\u00ed marcada por eventos que reflejan una dimensi\u00f3n m\u00e1s profunda de la experiencia humana. Este acontecimiento podr\u00eda ser impulso para que los viajeros y los habitantes locales reflexionen sobre la fragilidad de la vida y la importancia de la empat\u00eda, el apoyo y el entendimiento mutuo.<\/p>\n<p>Como viajeros, encapsulamos nuestras actuaciones en recuerdos y relatos que llevamos con nosotros, pero tambi\u00e9n es nuestro deber ser conscientes de las historias que ocurren en los m\u00e1rgenes, aquellas que a menudo pasan desapercibidas pero que merecen ser contadas. El conocimiento y la conciencia pueden ser catalizadores de cambio, desde apoyar organizaciones que realizan rescates en el mar hasta participar en iniciativas locales que promueven la integraci\u00f3n.<\/p>\n<p>Adem\u00e1s, estas historias subrayan la necesidad de mirar m\u00e1s all\u00e1 de las hermosas playas y los paisajes pintorescos, para entender y comprender los complejos legados e historias de los lugares que visitamos. Viajar, en su esencia m\u00e1s profunda, se trata de conectar con otros, de aprender sobre sus luchas, alegr\u00edas y aspiraciones, y de regresar a casa no solo con recuerdos, sino tambi\u00e9n con perspectivas ampliadas y un coraz\u00f3n m\u00e1s abierto.<\/p>\n<p>Mientras El Hierro contin\u00faa recibiendo a visitantes de todos los rincones del mundo, buscando en sus paisajes una pizca de serenidad o aventura, que tambi\u00e9n sea un lugar donde la solidaridad y la comprensi\u00f3n mutua entre culturas y realidades se fomente, celebrando as\u00ed la diversidad de experiencias que conforman el tejido de nuestras sociedades globales.<\/p>\n<p><em> &#8221; Sources www.publico.es &#8221; <\/em><\/p>\n<p><em> &#8221; Fuentes www.publico.es &#8221; <\/em><\/p>\n","protected":false},"excerpt":{"rendered":"<p>En el coraz\u00f3n emocional de muchos viajeros, yacen relatos no solo de lugares maravillosos y encuentros fortuitos, sino tambi\u00e9n historias que reflejan las facetas m\u00e1s reales y a veces crudas de la humanidad y su incesante movimiento a trav\u00e9s de los vastos oc\u00e9anos. Recientemente, un episodio desgarrador se desenvolvi\u00f3 en las aguas cercanas a la [&hellip;]<\/p>\n","protected":false},"author":4,"featured_media":822120,"comment_status":"open","ping_status":"closed","sticky":false,"template":"","format":"standard","meta":{"om_disable_all_campaigns":false,"jnews-multi-image_gallery":[],"jnews_single_post":[],"jnews_primary_category":[],"jnews_social_meta":[],"footnotes":""},"categories":[41],"tags":[19548,178858,1280,9156,6048,8058,5486,1355,8293,9578,2705,12645,4463,757,179038,179050],"class_list":["post-822119","post","type-post","status-publish","format-standard","has-post-thumbnail","hentry","category-cruceros","tag-19548","tag-cayuco","tag-crucero","tag-el-hierro","tag-eleva","tag-fallecidos","tag-hierro","tag-llegar","tag-migracion","tag-migrantes","tag-muertos","tag-numero","tag-rescate","tag-seis","tag-tragedia-maritima","tag-trataban"],"_links":{"self":[{"href":"https:\/\/dimensionturistica.com\/es\/wp-json\/wp\/v2\/posts\/822119","targetHints":{"allow":["GET"]}}],"collection":[{"href":"https:\/\/dimensionturistica.com\/es\/wp-json\/wp\/v2\/posts"}],"about":[{"href":"https:\/\/dimensionturistica.com\/es\/wp-json\/wp\/v2\/types\/post"}],"author":[{"embeddable":true,"href":"https:\/\/dimensionturistica.com\/es\/wp-json\/wp\/v2\/users\/4"}],"replies":[{"embeddable":true,"href":"https:\/\/dimensionturistica.com\/es\/wp-json\/wp\/v2\/comments?post=822119"}],"version-history":[{"count":0,"href":"https:\/\/dimensionturistica.com\/es\/wp-json\/wp\/v2\/posts\/822119\/revisions"}],"wp:featuredmedia":[{"embeddable":true,"href":"https:\/\/dimensionturistica.com\/es\/wp-json\/wp\/v2\/media\/822120"}],"wp:attachment":[{"href":"https:\/\/dimensionturistica.com\/es\/wp-json\/wp\/v2\/media?parent=822119"}],"wp:term":[{"taxonomy":"category","embeddable":true,"href":"https:\/\/dimensionturistica.com\/es\/wp-json\/wp\/v2\/categories?post=822119"},{"taxonomy":"post_tag","embeddable":true,"href":"https:\/\/dimensionturistica.com\/es\/wp-json\/wp\/v2\/tags?post=822119"}],"curies":[{"name":"wp","href":"https:\/\/api.w.org\/{rel}","templated":true}]}}