{"id":822058,"date":"2024-06-21T15:08:14","date_gmt":"2024-06-21T15:08:14","guid":{"rendered":"https:\/\/dimensionturistica.com\/es\/?p=822058"},"modified":"2024-06-21T15:08:14","modified_gmt":"2024-06-21T15:08:14","slug":"mas-de-30-individuos-fallecieron-en-embarcacion-a-la-deriva-durante-17-dias-antes-de-ser-rescatados-por-un-crucero","status":"publish","type":"post","link":"https:\/\/dimensionturistica.com\/es\/mas-de-30-individuos-fallecieron-en-embarcacion-a-la-deriva-durante-17-dias-antes-de-ser-rescatados-por-un-crucero\/","title":{"rendered":"M\u00e1s de 30 individuos fallecieron en embarcaci\u00f3n a la deriva durante 17 d\u00edas antes de ser rescatados por un crucero"},"content":{"rendered":"<p><strong>La Perpleja Traves\u00eda del Atl\u00e1ntico: Solidaridad en Altamar<\/strong><\/p>\n<p>En un reciente y conmovedor suceso en alta mar, el destino y la humanidad tejieron una historia que quedar\u00e1 en la memoria de muchos. Mientras un crucero surcaba el vasto azul del Atl\u00e1ntico, sus pasajeros y tripulantes se vieron envueltos en una misi\u00f3n inesperada de rescate que personifica la bondad y la uni\u00f3n frente a la adversidad.<\/p>\n<p>El mar, en su infinitud, es escenario de numerosas traves\u00edas; algunas buscando el disfrute y el descubrimiento, otras, la esperanza de un nuevo comienzo. En esta ocasi\u00f3n, el viaje de placer se transform\u00f3 en una cruzada de salvaci\u00f3n. M\u00e1s de 30 personas perdieron la vida en un desafortunado viaje a bordo de un cayuco, t\u00e9rmino con el que se denomina a las embarcaciones rudimentarias utilizadas frecuentemente por migrantes que buscan llegar a las costas europeas desde \u00c1frica. El crucero, al encontrarse con los sobrevivientes en condiciones precarias, no dud\u00f3 en brindarles auxilio.<\/p>\n<p>Este acto de solidaridad internacional rescata de las sombras una realidad a menudo invisibilizada. La crisis migratoria, con sus numerosos rostros y luchas individuales, encontr\u00f3, aunque fuera brevemente, un haz de luz en la oscuridad del oc\u00e9ano. La situaci\u00f3n, cargada de emotividad y urgencia humanitaria, puso a prueba la capacidad de respuesta y la generosidad de aquellos que, por azar, se cruzaron en el camino de los necesitados.<\/p>\n<p>El trabajo conjunto de la tripulaci\u00f3n y los pasajeros para socorrer, cuidar y consolar a los sobrevivientes demostr\u00f3 que, incluso en las condiciones m\u00e1s adversas, la compasi\u00f3n y el altruismo pueden surgir con fuerza. El mensaje que este evento deja es profundo y relevante no solo para quienes lo vivieron, sino para la sociedad en su conjunto: la importancia de la solidaridad, el reconocimiento de nuestras responsabilidades compartidas como ciudadanos del mundo y la necesaria reflexi\u00f3n sobre las causas y consecuencias de los movimientos migratorios.<\/p>\n<p>Este es uno de esos episodios que, m\u00e1s all\u00e1 de su tr\u00e1gico origen, resalta la capacidad humana para la empat\u00eda y el apoyo mutuo. Refleja, adem\u00e1s, la necesidad imperante de abordar con seriedad y compromiso la situaci\u00f3n de miles de personas que, motivadas por diversas razones, emprenden peligrosos viajes en busca de seguridad y bienestar.<\/p>\n<p>Para los amantes de los viajes y exploradores del mundo, este incidente sirve como recordatorio de que, detr\u00e1s de cada viaje, hay historias humanas. Seas turista, aventurero o parte de la industria tur\u00edstica, este evento subraya la urgencia de mirar m\u00e1s all\u00e1 de los paisajes y las comodidades, reconociendo y respetando los diversos dramas personales que, a menudo, se esconden a plena vista.<\/p>\n<p>La solidaridad en altamar no solo salv\u00f3 vidas; tambi\u00e9n traz\u00f3 un camino de reflexi\u00f3n sobre c\u00f3mo podemos contribuir, desde nuestro lugar, a construir un mundo m\u00e1s inclusivo y compasivo. La pr\u00f3xima vez que nos embarquemos en un viaje, recordemos mirar las aguas no solo por su belleza o lo que nos pueden ofrecer, sino por las historias y los retos que llevan en sus corrientes.<\/p>\n<p><em> &#8221; Sources efe.com &#8221; <\/em><\/p>\n<p><em> &#8221; Fuentes efe.com &#8221; <\/em><\/p>\n","protected":false},"excerpt":{"rendered":"<p>La Perpleja Traves\u00eda del Atl\u00e1ntico: Solidaridad en Altamar En un reciente y conmovedor suceso en alta mar, el destino y la humanidad tejieron una historia que quedar\u00e1 en la memoria de muchos. Mientras un crucero surcaba el vasto azul del Atl\u00e1ntico, sus pasajeros y tripulantes se vieron envueltos en una misi\u00f3n inesperada de rescate que [&hellip;]<\/p>\n","protected":false},"author":4,"featured_media":822060,"comment_status":"open","ping_status":"closed","sticky":false,"template":"","format":"standard","meta":{"om_disable_all_campaigns":false,"jnews-multi-image_gallery":[],"jnews_single_post":[],"jnews_primary_category":[],"jnews_social_meta":[],"footnotes":""},"categories":[41],"tags":[178858,20321,5008,8293,4463,5755,179039,179038],"class_list":["post-822058","post","type-post","status-publish","format-standard","has-post-thumbnail","hentry","category-cruceros","tag-cayuco","tag-crisis-migratoria","tag-derechos-humanos","tag-migracion","tag-rescate","tag-supervivencia","tag-tragedia-en-el-mar","tag-tragedia-maritima"],"_links":{"self":[{"href":"https:\/\/dimensionturistica.com\/es\/wp-json\/wp\/v2\/posts\/822058","targetHints":{"allow":["GET"]}}],"collection":[{"href":"https:\/\/dimensionturistica.com\/es\/wp-json\/wp\/v2\/posts"}],"about":[{"href":"https:\/\/dimensionturistica.com\/es\/wp-json\/wp\/v2\/types\/post"}],"author":[{"embeddable":true,"href":"https:\/\/dimensionturistica.com\/es\/wp-json\/wp\/v2\/users\/4"}],"replies":[{"embeddable":true,"href":"https:\/\/dimensionturistica.com\/es\/wp-json\/wp\/v2\/comments?post=822058"}],"version-history":[{"count":0,"href":"https:\/\/dimensionturistica.com\/es\/wp-json\/wp\/v2\/posts\/822058\/revisions"}],"wp:featuredmedia":[{"embeddable":true,"href":"https:\/\/dimensionturistica.com\/es\/wp-json\/wp\/v2\/media\/822060"}],"wp:attachment":[{"href":"https:\/\/dimensionturistica.com\/es\/wp-json\/wp\/v2\/media?parent=822058"}],"wp:term":[{"taxonomy":"category","embeddable":true,"href":"https:\/\/dimensionturistica.com\/es\/wp-json\/wp\/v2\/categories?post=822058"},{"taxonomy":"post_tag","embeddable":true,"href":"https:\/\/dimensionturistica.com\/es\/wp-json\/wp\/v2\/tags?post=822058"}],"curies":[{"name":"wp","href":"https:\/\/api.w.org\/{rel}","templated":true}]}}