{"id":821805,"date":"2024-06-21T08:24:22","date_gmt":"2024-06-21T08:24:22","guid":{"rendered":"https:\/\/dimensionturistica.com\/es\/?p=821805"},"modified":"2024-06-21T08:24:22","modified_gmt":"2024-06-21T08:24:22","slug":"alicia-mejia-se-postula-para-liderar-la-organizacion","status":"publish","type":"post","link":"https:\/\/dimensionturistica.com\/es\/alicia-mejia-se-postula-para-liderar-la-organizacion\/","title":{"rendered":"Alicia Mej\u00eda se postula para liderar la organizaci\u00f3n"},"content":{"rendered":"<p><strong>Un Nuevo Horizonte en la Industria Tur\u00edstica: La Visi\u00f3n de Alicia Mej\u00eda para una Era Innovadora<\/strong><\/p>\n<p>En un ambito tan din\u00e1mico y competitivo como lo es la industria del turismo, la necesidad de liderazgos visionarios es m\u00e1s crucial que nunca. Es en este escenario donde emerge la figura de Alicia Mej\u00eda, cuya aspiraci\u00f3n a presidir una de las asociaciones de agencias de viajes m\u00e1s influyentes de la regi\u00f3n metropolitana marca un nuevo cap\u00edtulo para el sector.<\/p>\n<p>La Asociaci\u00f3n Metropolitana de Agencias de Viajes, con un legado de fomentar el crecimiento y fortalecimiento del turismo, se encuentra ante una encrucijada de modernizaci\u00f3n y adaptaci\u00f3n. Alicia Mej\u00eda, con una trayectoria notable en el \u00e1mbito tur\u00edstico, propone una estrategia revitalizadora que promete posicionar a la asociaci\u00f3n y, por ende, a sus miembros, en un lugar privilegiado dentro de un mercado en constante cambio.<\/p>\n<p>Mej\u00eda comprende los desaf\u00edos contempor\u00e1neos que enfrenta la industria: desde la adaptaci\u00f3n a las nuevas tecnolog\u00edas hasta la demanda creciente de experiencias tur\u00edsticas aut\u00e9nticas y sostenibles. Su visi\u00f3n incluye potenciar la digitalizaci\u00f3n de los servicios, fomentando as\u00ed una mayor eficiencia y capacidad de respuesta frente a las tendencias globales. Adem\u00e1s, propone un enfoque integrador que no solo busca mejorar la competitividad de las agencias miembro sino tambi\u00e9n garantizar un turismo m\u00e1s inclusivo y responsable.<\/p>\n<p>La estrategia de Mej\u00eda tambi\u00e9n destaca la importancia de la capacitaci\u00f3n y el desarrollo profesional, pilares fundamentales para asegurar que los profesionales del sector est\u00e9n a la vanguardia en cuanto a conocimientos y habilidades. Este enfoque anal\u00edtico y proactivo no solo beneficiar\u00eda a las agencias de viajes, sino que tambi\u00e9n elevar\u00eda la calidad de la experiencia tur\u00edstica para viajeros nacionales e internacionales.<\/p>\n<p>El liderazgo de Mej\u00eda promete ser un catalizador para la innovaci\u00f3n, buscando generar sinergias entre las agencias de viajes, otras entidades del sector tur\u00edstico y los destinos mismos. Su propuesta va m\u00e1s all\u00e1 de la gesti\u00f3n tradicional: aspira a transformar la asociaci\u00f3n en un ente din\u00e1mico y proactivo que lidere con el ejemplo, impulsando as\u00ed toda la industria hacia un horizonte de crecimiento sostenido y sostenible.<\/p>\n<p>La aspiraci\u00f3n de Alicia Mej\u00eda de dirigir la Asociaci\u00f3n Metropolitana de Agencias de Viajes es un reflejo de un liderazgo renovador y consciente de las necesidades actuales y futuras del turismo. Su visi\u00f3n, basada en la innovaci\u00f3n, la inclusividad y la sostenibilidad, no solo augura un futuro prometedor para las agencias de viajes sino que tambi\u00e9n esboza un camino vibrante para la reactivaci\u00f3n y el dinamismo del turismo en general. Estamos, sin duda, ante la posibilidad de presenciar un verdadero cambio en c\u00f3mo viajamos y c\u00f3mo entendemos el viaje en s\u00ed, guiados por una l\u00edder que ve en cada desaf\u00edo una oportunidad para avanzar.<\/p>\n<p>Esta nueva etapa en la industria tur\u00edstica representa una excelente noticia para todos los amantes de los viajes, quienes podr\u00e1n beneficiarse de propuestas innovadoras y servicios mejorados, proyectando as\u00ed nuevos horizontes para descubrir y explorar. Con Alicia Mej\u00eda al frente, el futuro del turismo luce no solo prometedor, sino apasionante.<\/p>\n<p><em> &#8221; Sources mexico.ladevi.info &#8221; <\/em><\/p>\n<p><em> &#8221; Sources mexico.ladevi.info &#8221; <\/em><\/p>\n","protected":false},"excerpt":{"rendered":"<p>Un Nuevo Horizonte en la Industria Tur\u00edstica: La Visi\u00f3n de Alicia Mej\u00eda para una Era Innovadora En un ambito tan din\u00e1mico y competitivo como lo es la industria del turismo, la necesidad de liderazgos visionarios es m\u00e1s crucial que nunca. Es en este escenario donde emerge la figura de Alicia Mej\u00eda, cuya aspiraci\u00f3n a presidir [&hellip;]<\/p>\n","protected":false},"author":4,"featured_media":821806,"comment_status":"open","ping_status":"closed","sticky":false,"template":"","format":"standard","meta":{"om_disable_all_campaigns":false,"jnews-multi-image_gallery":[],"jnews_single_post":[],"jnews_primary_category":[],"jnews_social_meta":[],"footnotes":""},"categories":[40],"tags":[1042,7173,178969,546],"class_list":["post-821805","post","type-post","status-publish","format-standard","has-post-thumbnail","hentry","category-industria","tag-latinoamerica","tag-liderazgo","tag-mujeres-en-politica","tag-politica"],"_links":{"self":[{"href":"https:\/\/dimensionturistica.com\/es\/wp-json\/wp\/v2\/posts\/821805","targetHints":{"allow":["GET"]}}],"collection":[{"href":"https:\/\/dimensionturistica.com\/es\/wp-json\/wp\/v2\/posts"}],"about":[{"href":"https:\/\/dimensionturistica.com\/es\/wp-json\/wp\/v2\/types\/post"}],"author":[{"embeddable":true,"href":"https:\/\/dimensionturistica.com\/es\/wp-json\/wp\/v2\/users\/4"}],"replies":[{"embeddable":true,"href":"https:\/\/dimensionturistica.com\/es\/wp-json\/wp\/v2\/comments?post=821805"}],"version-history":[{"count":0,"href":"https:\/\/dimensionturistica.com\/es\/wp-json\/wp\/v2\/posts\/821805\/revisions"}],"wp:featuredmedia":[{"embeddable":true,"href":"https:\/\/dimensionturistica.com\/es\/wp-json\/wp\/v2\/media\/821806"}],"wp:attachment":[{"href":"https:\/\/dimensionturistica.com\/es\/wp-json\/wp\/v2\/media?parent=821805"}],"wp:term":[{"taxonomy":"category","embeddable":true,"href":"https:\/\/dimensionturistica.com\/es\/wp-json\/wp\/v2\/categories?post=821805"},{"taxonomy":"post_tag","embeddable":true,"href":"https:\/\/dimensionturistica.com\/es\/wp-json\/wp\/v2\/tags?post=821805"}],"curies":[{"name":"wp","href":"https:\/\/api.w.org\/{rel}","templated":true}]}}