{"id":821559,"date":"2024-06-20T21:52:20","date_gmt":"2024-06-20T21:52:20","guid":{"rendered":"https:\/\/dimensionturistica.com\/es\/?p=821559"},"modified":"2024-06-20T21:52:20","modified_gmt":"2024-06-20T21:52:20","slug":"las-reservas-anticipadas-definen-la-temporada-de-verano","status":"publish","type":"post","link":"https:\/\/dimensionturistica.com\/es\/las-reservas-anticipadas-definen-la-temporada-de-verano\/","title":{"rendered":"Las reservas anticipadas definen la temporada de verano"},"content":{"rendered":"<p><strong>\u00a1Prep\u00e1rate para el Verano! Las Tendencias que Est\u00e1n Definiendo la Temporada Tur\u00edstica<\/strong><\/p>\n<p>A medida que las temperaturas comienzan a elevarse, no solo nos despedimos de los abrigos y saludamos al sol, sino que nuestros pensamientos comienzan a viajar hacia futuros destinos. El verano es sin\u00f3nimo de vacaciones, y este a\u00f1o, una tendencia clara est\u00e1 marcando el ritmo de la industria tur\u00edstica: la venta anticipada. Viajeros de todos los rincones del mundo est\u00e1n aprovechando la oportunidad de reservar sus escapadas de verano con meses de antelaci\u00f3n, \u00bfpero cu\u00e1l es la raz\u00f3n detr\u00e1s de este fen\u00f3meno?<\/p>\n<p>La respuesta, aunque multifac\u00e9tica, puede resumirse a la b\u00fasqueda de tranquilidad y seguridad. Despu\u00e9s de periodos de incertidumbre, los turistas est\u00e1n ansiosos por garantizar sus planes, benefici\u00e1ndose de las ventajas que ofrece la planificaci\u00f3n previa. Entre estas ventajas, destacan las ofertas competitivas y la disponibilidad de una amplia gama de opciones. Si esperas hasta el \u00faltimo minuto, podr\u00edas encontrarte con que las opciones se han reducido considerablemente y los precios se han inflado.<\/p>\n<p>Otra raz\u00f3n significativa detr\u00e1s de esta preferencia por la venta anticipada es la flexibilidad. Muchos operadores tur\u00edsticos y compa\u00f1\u00edas a\u00e9reas, conscientes de las lecciones aprendidas en tiempos recientes, est\u00e1n ofreciendo pol\u00edticas de cancelaci\u00f3n y modificaci\u00f3n m\u00e1s flexibles. Esto significa que los viajeros pueden reservar con confianza, sabiendo que, si sus planes cambian, no se encontrar\u00e1n atrapados con reservas inmodificables.<\/p>\n<p>El inter\u00e9s por destinos tanto tradicionales como emergentes se est\u00e1 disparando, y la gente quiere asegurar su lugar en esos rincones del mundo que les prometen experiencias inolvidables. Desde las islas griegas hasta las costas del Caribe, pasando por destinos menos conocidos que prometen aventura sin las multitudes, el abanico de opciones es tan variado como el mismo gusto de los viajeros.<\/p>\n<p>Para aquellos que se aventuran a reservar con antelaci\u00f3n, el consejo es claro: investigue, compare y lea cuidadosamente las pol\u00edticas de cancelaci\u00f3n y modificaci\u00f3n. La anticipaci\u00f3n no solo puede brindarle mejores precios y mayor selecci\u00f3n, sino tambi\u00e9n la tranquilidad de saber que su verano est\u00e1 asegurado.<\/p>\n<p>Adem\u00e1s, la sostenibilidad contin\u00faa siendo un tema prioritario para muchos viajeros, quienes optan por destinos y proveedores que promueven pr\u00e1cticas responsables con el medio ambiente. Esta preocupaci\u00f3n por el turismo sostenible tambi\u00e9n est\u00e1 influyendo en las decisiones de reserva anticipada, ya que los viajeros buscan asegurar su lugar en hoteles ecol\u00f3gicos y experiencias que tienen un impacto positivo en las comunidades locales.<\/p>\n<p>En resumidas cuentas, la venta anticipada no solo est\u00e1 marcando la temporada de verano por las ofertas y la flexibilidad que ofrece, sino tambi\u00e9n por una conciencia creciente hacia la elecci\u00f3n de viajes m\u00e1s responsables y significativos. Si a\u00fan est\u00e1 planificando sus vacaciones de verano, considerar la reserva anticipada podr\u00eda abrirle un mundo de posibilidades. Prep\u00e1rese para explorar, descansar y, sobre todo, disfrutar del viaje con completa paz mental. El verano lo espera con los brazos abiertos, \u00bflisto para aventurarse?<\/p>\n<p><em> &#8221; Sources www.preferente.com &#8221; <\/em><\/p>\n<p><em> &#8221; Sources www.preferente.com &#8221; <\/em><\/p>\n","protected":false},"excerpt":{"rendered":"<p>\u00a1Prep\u00e1rate para el Verano! Las Tendencias que Est\u00e1n Definiendo la Temporada Tur\u00edstica A medida que las temperaturas comienzan a elevarse, no solo nos despedimos de los abrigos y saludamos al sol, sino que nuestros pensamientos comienzan a viajar hacia futuros destinos. El verano es sin\u00f3nimo de vacaciones, y este a\u00f1o, una tendencia clara est\u00e1 marcando [&hellip;]<\/p>\n","protected":false},"author":4,"featured_media":821560,"comment_status":"open","ping_status":"closed","sticky":false,"template":"","format":"standard","meta":{"om_disable_all_campaigns":false,"jnews-multi-image_gallery":[],"jnews_single_post":[],"jnews_primary_category":[],"jnews_social_meta":[],"footnotes":""},"categories":[40],"tags":[10864,35821],"class_list":["post-821559","post","type-post","status-publish","format-standard","has-post-thumbnail","hentry","category-industria","tag-temporada-de-verano","tag-venta-anticipada"],"_links":{"self":[{"href":"https:\/\/dimensionturistica.com\/es\/wp-json\/wp\/v2\/posts\/821559","targetHints":{"allow":["GET"]}}],"collection":[{"href":"https:\/\/dimensionturistica.com\/es\/wp-json\/wp\/v2\/posts"}],"about":[{"href":"https:\/\/dimensionturistica.com\/es\/wp-json\/wp\/v2\/types\/post"}],"author":[{"embeddable":true,"href":"https:\/\/dimensionturistica.com\/es\/wp-json\/wp\/v2\/users\/4"}],"replies":[{"embeddable":true,"href":"https:\/\/dimensionturistica.com\/es\/wp-json\/wp\/v2\/comments?post=821559"}],"version-history":[{"count":0,"href":"https:\/\/dimensionturistica.com\/es\/wp-json\/wp\/v2\/posts\/821559\/revisions"}],"wp:featuredmedia":[{"embeddable":true,"href":"https:\/\/dimensionturistica.com\/es\/wp-json\/wp\/v2\/media\/821560"}],"wp:attachment":[{"href":"https:\/\/dimensionturistica.com\/es\/wp-json\/wp\/v2\/media?parent=821559"}],"wp:term":[{"taxonomy":"category","embeddable":true,"href":"https:\/\/dimensionturistica.com\/es\/wp-json\/wp\/v2\/categories?post=821559"},{"taxonomy":"post_tag","embeddable":true,"href":"https:\/\/dimensionturistica.com\/es\/wp-json\/wp\/v2\/tags?post=821559"}],"curies":[{"name":"wp","href":"https:\/\/api.w.org\/{rel}","templated":true}]}}