{"id":819525,"date":"2024-06-16T19:17:17","date_gmt":"2024-06-16T19:17:17","guid":{"rendered":"https:\/\/dimensionturistica.com\/es\/?p=819525"},"modified":"2024-06-16T19:17:17","modified_gmt":"2024-06-16T19:17:17","slug":"el-sector-turistico-se-prepara-para-vivir-una-semana-santa-sin-precedentes","status":"publish","type":"post","link":"https:\/\/dimensionturistica.com\/es\/el-sector-turistico-se-prepara-para-vivir-una-semana-santa-sin-precedentes\/","title":{"rendered":"El sector tur\u00edstico se prepara para vivir una Semana Santa sin precedentes"},"content":{"rendered":"<p><strong>Una Semana Santa Hist\u00f3rica en puerta: Alta expectativa en el turismo<\/strong><\/p>\n<p>Con la primavera despertando, el sector tur\u00edstico se llena de optimismo, especialmente cuando todo apunta a una Semana Santa que podr\u00eda ser catalogada como hist\u00f3rica. Los destellos del sol primaveral invitan a explorar, a redescubrir la magia de los destinos que brillan con un encanto especial durante estas fechas, y este a\u00f1o, las expectativas de hoteles y restaurantes alcanzan niveles sin precedentes.<\/p>\n<p>La expectativa no es solo un susurro entre los empresarios del sector; se sostiene en datos y hechos concretos. Las reservas de alojamiento muestran un panorama prometedor, con cifras que auguran una ocupaci\u00f3n que podr\u00eda romper r\u00e9cords previos. Este entusiasmo se extiende por toda la cadena de valor del turismo, desde transportistas hasta peque\u00f1os comerciantes, todos se preparan para acoger a una oleada de visitantes ansiosos por vivir experiencias \u00fanicas.<\/p>\n<p>Y no es para menos. Despu\u00e9s de tiempos complejos marcados por incertidumbres, la llegada de tales previsiones infunde una inyecci\u00f3n de optimismo. Las ciudades se adornan con sus mejores galas, record\u00e1ndonos que la Semana Santa no solo es un per\u00edodo de significado religioso profundo sino tambi\u00e9n una oportunidad para la reuni\u00f3n, la celebraci\u00f3n y el redescubrimiento de las bellezas locales.<\/p>\n<p>Este auge no es exclusivo de una regi\u00f3n; se extiende como un manto por diversos rincones, abrazando tanto a urbes conocidas por su fervor religioso y acontecimientos culturales como a aquellos destinos tranquilos, donde el descanso y la naturaleza son los protagonistas. La variedad es precisamente uno de los factores que contribuyen al dinamismo abrumador de esta temporada. Hay algo para cada viajero: desde procesiones que quitan el aliento por su devoci\u00f3n y belleza, hasta retiros en espacios donde el silencio y la paz invitan a la reflexi\u00f3n y el enriquecimiento personal.<\/p>\n<p>Los establecimientos han tomado nota de estas preferencias diversificadas. El sector de la restauraci\u00f3n, por ejemplo, se adapta con men\u00fas que prometen deleitar paladares, fusionando la tradici\u00f3n con toques contempor\u00e1neos, mientras que los operadores tur\u00edsticos dise\u00f1an experiencias que buscan satisfacer curiosidades espec\u00edficas, ya sea en tours gastron\u00f3micos, recorridos hist\u00f3ricos o aventuras al aire libre.<\/p>\n<p>Este a\u00f1o, la Semana Santa no solo es esperada como un per\u00edodo de alta afluencia tur\u00edstica; se vislumbra tambi\u00e9n como un momento de reafirmaci\u00f3n. Una oportunidad para que el sector demuestre su resiliencia, innovaci\u00f3n y, sobre todo, su calidez humana. Despu\u00e9s de todo, si hay algo que los tiempos recientes han reforzado es el valor incontestable de las experiencias, de aquellos momentos que se graban en la memoria y nos recuerdan la importova de conectar y reconectar.<\/p>\n<p>As\u00ed, con los brazos abiertos, el sector tur\u00edstico invita a vivir una Semana Santa que, m\u00e1s all\u00e1 de las cifras y las proyecciones, promete ser recordada por las historias que escribiremos en ella. La invitaci\u00f3n est\u00e1 hecha, las expectativas son altas y el escenario no podr\u00eda ser m\u00e1s propicio para descubrir, disfrutar y, por qu\u00e9 no, maravillarse. Prep\u00e1rese para una escapada que promete ser, sin duda, hist\u00f3rica.<\/p>\n<p><em> &#8221; Sources www.eldiadevalladolid.com &#8221; <\/em><\/p>\n<p><em> &#8221; Sources www.eldiadevalladolid.com &#8221; <\/em><\/p>\n","protected":false},"excerpt":{"rendered":"<p>Una Semana Santa Hist\u00f3rica en puerta: Alta expectativa en el turismo Con la primavera despertando, el sector tur\u00edstico se llena de optimismo, especialmente cuando todo apunta a una Semana Santa que podr\u00eda ser catalogada como hist\u00f3rica. Los destellos del sol primaveral invitan a explorar, a redescubrir la magia de los destinos que brillan con un [&hellip;]<\/p>\n","protected":false},"author":4,"featured_media":819526,"comment_status":"open","ping_status":"closed","sticky":false,"template":"","format":"standard","meta":{"om_disable_all_campaigns":false,"jnews-multi-image_gallery":[],"jnews_single_post":[],"jnews_primary_category":[],"jnews_social_meta":[],"footnotes":""},"categories":[40],"tags":[715,770,1296,2946,544,1861,545],"class_list":["post-819525","post","type-post","status-publish","format-standard","has-post-thumbnail","hentry","category-industria","tag-economia","tag-espana","tag-industria-turistica","tag-semana-santa","tag-turismo","tag-vacaciones","tag-viajes"],"_links":{"self":[{"href":"https:\/\/dimensionturistica.com\/es\/wp-json\/wp\/v2\/posts\/819525","targetHints":{"allow":["GET"]}}],"collection":[{"href":"https:\/\/dimensionturistica.com\/es\/wp-json\/wp\/v2\/posts"}],"about":[{"href":"https:\/\/dimensionturistica.com\/es\/wp-json\/wp\/v2\/types\/post"}],"author":[{"embeddable":true,"href":"https:\/\/dimensionturistica.com\/es\/wp-json\/wp\/v2\/users\/4"}],"replies":[{"embeddable":true,"href":"https:\/\/dimensionturistica.com\/es\/wp-json\/wp\/v2\/comments?post=819525"}],"version-history":[{"count":0,"href":"https:\/\/dimensionturistica.com\/es\/wp-json\/wp\/v2\/posts\/819525\/revisions"}],"wp:featuredmedia":[{"embeddable":true,"href":"https:\/\/dimensionturistica.com\/es\/wp-json\/wp\/v2\/media\/819526"}],"wp:attachment":[{"href":"https:\/\/dimensionturistica.com\/es\/wp-json\/wp\/v2\/media?parent=819525"}],"wp:term":[{"taxonomy":"category","embeddable":true,"href":"https:\/\/dimensionturistica.com\/es\/wp-json\/wp\/v2\/categories?post=819525"},{"taxonomy":"post_tag","embeddable":true,"href":"https:\/\/dimensionturistica.com\/es\/wp-json\/wp\/v2\/tags?post=819525"}],"curies":[{"name":"wp","href":"https:\/\/api.w.org\/{rel}","templated":true}]}}