{"id":817821,"date":"2024-06-13T18:11:59","date_gmt":"2024-06-13T18:11:59","guid":{"rendered":"https:\/\/dimensionturistica.com\/es\/?p=817821"},"modified":"2024-06-13T18:11:59","modified_gmt":"2024-06-13T18:11:59","slug":"la-bancarrota-de-fti-desencadenara-situaciones-criticas-individuales","status":"publish","type":"post","link":"https:\/\/dimensionturistica.com\/es\/la-bancarrota-de-fti-desencadenara-situaciones-criticas-individuales\/","title":{"rendered":"La bancarrota de FTI desencadenar\u00e1 \u201csituaciones cr\u00edticas\u201d individuales"},"content":{"rendered":"<p><strong>Canarias: entre el para\u00edso y el desaf\u00edo tur\u00edstico<\/strong><\/p>\n<p>En el coraz\u00f3n del Atl\u00e1ntico, las Islas Canarias siempre han sido conocidas como un destino de ensue\u00f1o para viajeros de todo el mundo. Sin embargo, recientemente, el archipi\u00e9lago se enfrenta a un nuevo reto tur\u00edstico que podr\u00eda transformar su paisaje econ\u00f3mico y social de manera significativa. La quiebra de un importante operador tur\u00edstico alem\u00e1n ha dejado un vac\u00edo que no solo afecta las cifras de turismo, sino tambi\u00e9n las vidas de las personas que dependen de esta industria vital.<\/p>\n<p>Este giro inesperado en los acontecimientos puede parecer una tormenta pasajera, pero las implicaciones van m\u00e1s all\u00e1 de la mera interrupci\u00f3n de los servicios tur\u00edsticos; se trata de dramas personales y colectivos que surgen en comunidades que han tejido su modo de vida alrededor de la llegada constante de visitantes. La desaparici\u00f3n de este operador no solo significa un golpe para los hoteles y las atracciones locales, sino que tambi\u00e9n pone en peligro los medios de subsistencia de miles que operan en este sector, desde gu\u00edas tur\u00edsticos hasta peque\u00f1os comerciantes, pasando por una amplia cadena de servicios que da vida a la experiencia tur\u00edstica de las Canarias.<\/p>\n<p>Sin embargo, ante la adversidad, las Canarias se encuentran en un momento cr\u00edtico de reinvenci\u00f3n. Los desaf\u00edos actuales son tambi\u00e9n una invitaci\u00f3n a explorar nuevas oportunidades y a diversificar la oferta tur\u00edstica del archipi\u00e9lago. Esto podr\u00eda significar una apuesta mayor por la sostenibilidad y el turismo ecol\u00f3gico, la valorizaci\u00f3n de experiencias aut\u00f3ctonas y quiz\u00e1s una redefinici\u00f3n de lo que estas islas pueden ofrecer m\u00e1s all\u00e1 de sus indudables atractivos naturales.<\/p>\n<p>El gobierno local y los empresarios del sector est\u00e1n frente a la tarea urgente de remodelar su estrategia tur\u00edstica, no solo para recuperar los n\u00fameros perdidos, sino para garantizar un futuro m\u00e1s resiliente ante las fluctuaciones del mercado global. Se trata de encontrar un equilibrio entre aprovechar la belleza y el clima \u00fanico de las Islas Canarias y generar ofertas que atraigan a un espectro m\u00e1s amplio de visitantes, desde aquellos interesados en la cultura y la historia hasta los apasionados por aventuras al aire libre y la observaci\u00f3n de la naturaleza.<\/p>\n<p>La situaci\u00f3n actual, aunque desafiante, no es el final del turismo en las Canarias. M\u00e1s bien, podr\u00eda ser el comienzo de una nueva era. Una era donde las Islas Canarias no solo son un destino para tomar el sol y disfrutar de las playas, sino tambi\u00e9n un lugar donde los visitantes pueden experimentar una conexi\u00f3n m\u00e1s profunda con la cultura local, la sostenibilidad y la conservaci\u00f3n del medio ambiente.<\/p>\n<p>Esta transformaci\u00f3n no ser\u00e1 instant\u00e1nea ni f\u00e1cil, pero la resiliencia y creatividad de los habitantes de las Islas Canarias, combinada con una gesti\u00f3n inteligente de sus recursos tur\u00edsticos, podr\u00edan marcar el inicio de un futuro prometedor. Un futuro donde las Canarias no sean solo un destino tur\u00edstico m\u00e1s, sino un ejemplo de adaptaci\u00f3n y prosperidad en el cambiante mundo del turismo global.<\/p>\n<p><em> &#8221; Sources www.preferente.com &#8221; <\/em><\/p>\n<p><em> &#8221; Sources www.preferente.com &#8221; <\/em><\/p>\n","protected":false},"excerpt":{"rendered":"<p>Canarias: entre el para\u00edso y el desaf\u00edo tur\u00edstico En el coraz\u00f3n del Atl\u00e1ntico, las Islas Canarias siempre han sido conocidas como un destino de ensue\u00f1o para viajeros de todo el mundo. Sin embargo, recientemente, el archipi\u00e9lago se enfrenta a un nuevo reto tur\u00edstico que podr\u00eda transformar su paisaje econ\u00f3mico y social de manera significativa. La [&hellip;]<\/p>\n","protected":false},"author":4,"featured_media":817822,"comment_status":"open","ping_status":"closed","sticky":false,"template":"","format":"standard","meta":{"om_disable_all_campaigns":false,"jnews-multi-image_gallery":[],"jnews_single_post":[],"jnews_primary_category":[],"jnews_social_meta":[],"footnotes":""},"categories":[40],"tags":[177720,82325,1749],"class_list":["post-817821","post","type-post","status-publish","format-standard","has-post-thumbnail","hentry","category-industria","tag-dramas-particulares","tag-fti","tag-quiebra"],"_links":{"self":[{"href":"https:\/\/dimensionturistica.com\/es\/wp-json\/wp\/v2\/posts\/817821","targetHints":{"allow":["GET"]}}],"collection":[{"href":"https:\/\/dimensionturistica.com\/es\/wp-json\/wp\/v2\/posts"}],"about":[{"href":"https:\/\/dimensionturistica.com\/es\/wp-json\/wp\/v2\/types\/post"}],"author":[{"embeddable":true,"href":"https:\/\/dimensionturistica.com\/es\/wp-json\/wp\/v2\/users\/4"}],"replies":[{"embeddable":true,"href":"https:\/\/dimensionturistica.com\/es\/wp-json\/wp\/v2\/comments?post=817821"}],"version-history":[{"count":0,"href":"https:\/\/dimensionturistica.com\/es\/wp-json\/wp\/v2\/posts\/817821\/revisions"}],"wp:featuredmedia":[{"embeddable":true,"href":"https:\/\/dimensionturistica.com\/es\/wp-json\/wp\/v2\/media\/817822"}],"wp:attachment":[{"href":"https:\/\/dimensionturistica.com\/es\/wp-json\/wp\/v2\/media?parent=817821"}],"wp:term":[{"taxonomy":"category","embeddable":true,"href":"https:\/\/dimensionturistica.com\/es\/wp-json\/wp\/v2\/categories?post=817821"},{"taxonomy":"post_tag","embeddable":true,"href":"https:\/\/dimensionturistica.com\/es\/wp-json\/wp\/v2\/tags?post=817821"}],"curies":[{"name":"wp","href":"https:\/\/api.w.org\/{rel}","templated":true}]}}