{"id":817782,"date":"2024-06-13T17:10:48","date_gmt":"2024-06-13T17:10:48","guid":{"rendered":"https:\/\/dimensionturistica.com\/es\/?p=817782"},"modified":"2024-06-13T17:10:48","modified_gmt":"2024-06-13T17:10:48","slug":"lapenna-anuncio-encuentro-de-representantes-de-turismo-de-brasil","status":"publish","type":"post","link":"https:\/\/dimensionturistica.com\/es\/lapenna-anuncio-encuentro-de-representantes-de-turismo-de-brasil\/","title":{"rendered":"Lapenna anunci\u00f3 encuentro de representantes de turismo de Brasil"},"content":{"rendered":"<h3>El Encuentro que Promete Fortalecer La Conexi\u00f3n Tur\u00edstica Entre Argentina y Brasil<\/h3>\n<p>En el mundo del turismo, las alianzas estrat\u00e9gicas son fundamentales para innovar en la oferta de destinos y experiencias que capturan el coraz\u00f3n de los viajeros. En este escenario din\u00e1mico y lleno de posibilidades, un evento pr\u00f3ximo destaca por su prometedor impacto en las relaciones tur\u00edsticas entre Argentina y Brasil. Andr\u00e9s Lapenna, figura clave en el \u00e1mbito tur\u00edstico, confirm\u00f3 una reuni\u00f3n sumamente importante que reunir\u00e1 a agentes de viaje de Brasil con el prop\u00f3sito de fortalecer y expandir los lazos entre ambos pa\u00edses.<\/p>\n<p>Este encuentro, que se perfila como un puente entre las culturas y las oportunidades de negocios tur\u00edsticos, se llevar\u00e1 a cabo en Puerto Madryn, una joya en la vasta y rica geograf\u00eda argentina. Conocida por sus impresionantes paisajes y su vida marina \u00fanica, Puerto Madryn ofrece el escenario perfecto para inspirar y entusiasmar a los profesionales del sector tur\u00edstico. La elecci\u00f3n del lugar no es casual: busca demostrar el potencial de Argentina como destino para el turismo internacional, especialmente para el mercado brasile\u00f1o.<\/p>\n<p>Durante el evento, los temas a tratar no solo abarcar\u00e1n las posibilidades comerciales y de inversi\u00f3n, sino tambi\u00e9n la importancia de la sustentabilidad en el turismo, un aspecto fundamental en la conservaci\u00f3n de los destinos y en la creaci\u00f3n de experiencias aut\u00e9nticas y responsables. Los participantes tendr\u00e1n la oportunidad de explorar las maravillas naturales de Puerto Madryn, comprendiendo as\u00ed el valor inigualable que este destino tiene para ofrecer.<\/p>\n<p>Este tipo de iniciativas contribuye significativamente a fortalecer los v\u00ednculos entre pa\u00edses a trav\u00e9s del turismo, abriendo puertas a nuevas oportunidades de negocios y cooperaci\u00f3n bilateral. El turismo, despu\u00e9s de todo, es una de las fuerzas m\u00e1s poderosas para promover el entendimiento intercultural, el desarrollo econ\u00f3mico y la conservaci\u00f3n del patrimonio natural y cultural.<\/p>\n<p>La confirmaci\u00f3n de este encuentro por parte de Andr\u00e9s Lapenna es una clara se\u00f1al del compromiso de los actores del sector tur\u00edstico para impulsar un crecimiento conjunto. Adem\u00e1s, resalta la importancia de Puerto Madryn y, por extensi\u00f3n, de Argentina, como destinos de gran relevancia en el panorama tur\u00edstico internacional.<\/p>\n<p>El turismo entre Brasil y Argentina ha sido hist\u00f3ricamente fuerte, con flujos constantes de viajeros que buscan experiencias \u00fanicas en ambos lados de la frontera. Esta reuni\u00f3n de agentes de viajes es un paso m\u00e1s hacia el fortalecimiento de esta relaci\u00f3n, ofreciendo nuevas oportunidades para descubrir y disfrutar la vasta diversidad cultural y natural que ambos pa\u00edses tienen para ofrecer.<\/p>\n<p>Como entusiastas del turismo y la aventura, no podemos m\u00e1s que anticipar con emoci\u00f3n los frutos que este encuentro traer\u00e1. El paisaje de Puerto Madryn, junto con la calidez de sus habitantes, seguramente dejar\u00e1 una impresi\u00f3n duradera en todos los participantes, incentivando a\u00fan m\u00e1s el flujo de turistas brasile\u00f1os hacia la rica y diversa Argentina. Este es, sin duda, un momento emocionante para el turismo en Am\u00e9rica Latina, y especialmente para aquellos que buscan explorar la magia \u00fanica de Argentina y Brasil.<\/p>\n<p><em> &#8221; Sources lu17.com &#8221; <\/em><\/p>\n<p><em> &#8221; Sources lu17.com &#8221; <\/em><\/p>\n","protected":false},"excerpt":{"rendered":"<p>El Encuentro que Promete Fortalecer La Conexi\u00f3n Tur\u00edstica Entre Argentina y Brasil En el mundo del turismo, las alianzas estrat\u00e9gicas son fundamentales para innovar en la oferta de destinos y experiencias que capturan el coraz\u00f3n de los viajeros. En este escenario din\u00e1mico y lleno de posibilidades, un evento pr\u00f3ximo destaca por su prometedor impacto en [&hellip;]<\/p>\n","protected":false},"author":4,"featured_media":817783,"comment_status":"open","ping_status":"closed","sticky":false,"template":"","format":"standard","meta":{"om_disable_all_campaigns":false,"jnews-multi-image_gallery":[],"jnews_single_post":[],"jnews_primary_category":[],"jnews_social_meta":[],"footnotes":""},"categories":[40],"tags":[3225,1824,177698,7976,544],"class_list":["post-817782","post","type-post","status-publish","format-standard","has-post-thumbnail","hentry","category-industria","tag-agentes-de-viaje","tag-brasil","tag-lapenna","tag-reunion","tag-turismo"],"_links":{"self":[{"href":"https:\/\/dimensionturistica.com\/es\/wp-json\/wp\/v2\/posts\/817782","targetHints":{"allow":["GET"]}}],"collection":[{"href":"https:\/\/dimensionturistica.com\/es\/wp-json\/wp\/v2\/posts"}],"about":[{"href":"https:\/\/dimensionturistica.com\/es\/wp-json\/wp\/v2\/types\/post"}],"author":[{"embeddable":true,"href":"https:\/\/dimensionturistica.com\/es\/wp-json\/wp\/v2\/users\/4"}],"replies":[{"embeddable":true,"href":"https:\/\/dimensionturistica.com\/es\/wp-json\/wp\/v2\/comments?post=817782"}],"version-history":[{"count":0,"href":"https:\/\/dimensionturistica.com\/es\/wp-json\/wp\/v2\/posts\/817782\/revisions"}],"wp:featuredmedia":[{"embeddable":true,"href":"https:\/\/dimensionturistica.com\/es\/wp-json\/wp\/v2\/media\/817783"}],"wp:attachment":[{"href":"https:\/\/dimensionturistica.com\/es\/wp-json\/wp\/v2\/media?parent=817782"}],"wp:term":[{"taxonomy":"category","embeddable":true,"href":"https:\/\/dimensionturistica.com\/es\/wp-json\/wp\/v2\/categories?post=817782"},{"taxonomy":"post_tag","embeddable":true,"href":"https:\/\/dimensionturistica.com\/es\/wp-json\/wp\/v2\/tags?post=817782"}],"curies":[{"name":"wp","href":"https:\/\/api.w.org\/{rel}","templated":true}]}}