{"id":817545,"date":"2024-06-13T08:53:40","date_gmt":"2024-06-13T08:53:40","guid":{"rendered":"https:\/\/dimensionturistica.com\/es\/?p=817545"},"modified":"2024-06-13T08:53:40","modified_gmt":"2024-06-13T08:53:40","slug":"patrones-de-desplazamiento-vacacional-de-los-ciudadanos-espanoles-en-la-temporada-estival","status":"publish","type":"post","link":"https:\/\/dimensionturistica.com\/es\/patrones-de-desplazamiento-vacacional-de-los-ciudadanos-espanoles-en-la-temporada-estival\/","title":{"rendered":"Patrones de desplazamiento vacacional de los ciudadanos espa\u00f1oles en la temporada estival"},"content":{"rendered":"<p><strong>Viajando a Contracorriente: Las Preferencias Vacacionales de los Espa\u00f1oles Este Verano<\/strong><\/p>\n<p>Con la llegada del verano, la pregunta sobre cu\u00e1les ser\u00e1n las tendencias de viaje de los espa\u00f1oles cobra especial relevancia. A medida que las restricciones se suavizan y el mundo vuelve poco a poco a la normalidad, la forma en que los espa\u00f1oles eligen pasar sus vacaciones est\u00e1 evolucionando, presentando algunas sorpresas y confirmando la continuidad de ciertas preferencias.<\/p>\n<p>Este verano, destaca el inter\u00e9s renovado por los destinos nacionales. La belleza sin par de la costa espa\u00f1ola, la riqueza cultural de sus ciudades y la calidez de sus pueblos siguen capturando el coraz\u00f3n de los viajeros. Pero, \u00bfd\u00f3nde exactamente prefieren viajar dentro del pa\u00eds? Parece que Andaluc\u00eda sigue siendo el destino favorito, seguido muy de cerca por las Islas Baleares y Catalu\u00f1a. Cada uno de estos destinos ofrece algo \u00fanico: desde las playas de ensue\u00f1o y la gastronom\u00eda excepcional en Andaluc\u00eda, hasta la vibrante vida nocturna y paisajes naturales en las Islas Baleares, y la riqueza hist\u00f3rica y art\u00edstica de Catalu\u00f1a.<\/p>\n<p>Sin embargo, no todos los espa\u00f1oles sue\u00f1an con pasar sus vacaciones en la playa. Un n\u00famero significativo de viajeros est\u00e1 optando por la monta\u00f1a, buscando destinos m\u00e1s frescos y menos concurridos. Este cambio de preferencia resalta una tendencia creciente hacia experiencias m\u00e1s tranquilas y en contacto con la naturaleza.<\/p>\n<p>En cuanto a la duraci\u00f3n de las vacaciones, se observa que la mayor\u00eda de los espa\u00f1oles prefieren escapadas cortas, de no m\u00e1s de una semana. Esto podr\u00eda deberse a la necesidad de equilibrar el deseo de desconectar con las responsabilidades laborales y personales. Adem\u00e1s, las escapadas cortas permiten explorar varios destinos en el transcurso del verano, satisfaciendo el deseo de variedad y aventura.<\/p>\n<p>Otro aspecto interesante es el medio de transporte preferido para estas vacaciones. El coche se mantiene como el rey indiscutible, ofreciendo flexibilidad y la posibilidad de llevar todo lo necesario para disfrutar de unas vacaciones perfectas. Esto se alinea con la preferencia por destinos nacionales y la tendencia hacia viajes m\u00e1s especializados y personalizados.<\/p>\n<p>Por \u00faltimo, pero no menos importante, est\u00e1 el presupuesto. La situaci\u00f3n econ\u00f3mica actual ha hecho que los espa\u00f1oles sean m\u00e1s conscientes de sus gastos. La b\u00fasqueda de ofertas y la planificaci\u00f3n cuidadosa son esenciales para poder disfrutar de las vacaciones so\u00f1adas sin romper el banco. Los viajeros buscan el equilibrio perfecto entre calidad y precio, priorizando las experiencias sobre el lujo innecesario.<\/p>\n<p>En resumen, este verano los espa\u00f1oles est\u00e1n eligiendo vivir experiencias m\u00e1s aut\u00e9nticas y personalizadas. La preferencia por lo nacional, el inter\u00e9s por destinos menos tradicionales como la monta\u00f1a, las escapadas cortas, la dependencia del coche y un enfoque m\u00e1s meditado en el presupuesto definen las tendencias de viaje de este a\u00f1o. Lo que est\u00e1 claro es que, sea cual sea el destino o la duraci\u00f3n de las vacaciones, los espa\u00f1oles est\u00e1n listos para hacer de este verano una temporada inolvidable.<\/p>\n<p><em> &#8221; Sources www.inoutviajes.com &#8221; <\/em><\/p>\n<p><em> &#8221; Fuentes www.inoutviajes.com &#8221; <\/em><\/p>\n","protected":false},"excerpt":{"rendered":"<p>Viajando a Contracorriente: Las Preferencias Vacacionales de los Espa\u00f1oles Este Verano Con la llegada del verano, la pregunta sobre cu\u00e1les ser\u00e1n las tendencias de viaje de los espa\u00f1oles cobra especial relevancia. A medida que las restricciones se suavizan y el mundo vuelve poco a poco a la normalidad, la forma en que los espa\u00f1oles eligen [&hellip;]<\/p>\n","protected":false},"author":4,"featured_media":817546,"comment_status":"open","ping_status":"closed","sticky":false,"template":"","format":"standard","meta":{"om_disable_all_campaigns":false,"jnews-multi-image_gallery":[],"jnews_single_post":[],"jnews_primary_category":[],"jnews_social_meta":[],"footnotes":""},"categories":[39],"tags":[5684,2182,2873,545],"class_list":["post-817545","post","type-post","status-publish","format-standard","has-post-thumbnail","hentry","category-viajes","tag-espanoles","tag-tendencias","tag-verano","tag-viajes"],"_links":{"self":[{"href":"https:\/\/dimensionturistica.com\/es\/wp-json\/wp\/v2\/posts\/817545","targetHints":{"allow":["GET"]}}],"collection":[{"href":"https:\/\/dimensionturistica.com\/es\/wp-json\/wp\/v2\/posts"}],"about":[{"href":"https:\/\/dimensionturistica.com\/es\/wp-json\/wp\/v2\/types\/post"}],"author":[{"embeddable":true,"href":"https:\/\/dimensionturistica.com\/es\/wp-json\/wp\/v2\/users\/4"}],"replies":[{"embeddable":true,"href":"https:\/\/dimensionturistica.com\/es\/wp-json\/wp\/v2\/comments?post=817545"}],"version-history":[{"count":0,"href":"https:\/\/dimensionturistica.com\/es\/wp-json\/wp\/v2\/posts\/817545\/revisions"}],"wp:featuredmedia":[{"embeddable":true,"href":"https:\/\/dimensionturistica.com\/es\/wp-json\/wp\/v2\/media\/817546"}],"wp:attachment":[{"href":"https:\/\/dimensionturistica.com\/es\/wp-json\/wp\/v2\/media?parent=817545"}],"wp:term":[{"taxonomy":"category","embeddable":true,"href":"https:\/\/dimensionturistica.com\/es\/wp-json\/wp\/v2\/categories?post=817545"},{"taxonomy":"post_tag","embeddable":true,"href":"https:\/\/dimensionturistica.com\/es\/wp-json\/wp\/v2\/tags?post=817545"}],"curies":[{"name":"wp","href":"https:\/\/api.w.org\/{rel}","templated":true}]}}