{"id":816296,"date":"2024-06-11T04:21:18","date_gmt":"2024-06-11T04:21:18","guid":{"rendered":"https:\/\/dimensionturistica.com\/es\/?p=816296"},"modified":"2024-06-11T04:21:18","modified_gmt":"2024-06-11T04:21:18","slug":"el-sector-turistico-preparado-para-vivir-una-semana-santa-sin-precedentes","status":"publish","type":"post","link":"https:\/\/dimensionturistica.com\/es\/el-sector-turistico-preparado-para-vivir-una-semana-santa-sin-precedentes\/","title":{"rendered":"El Sector Tur\u00edstico Preparado para Vivir una Semana Santa sin Precedentes"},"content":{"rendered":"<h3>Semana Santa: Una Promesa Tur\u00edstica Renovada<\/h3>\n<p>Con el ambiente primaveral como tel\u00f3n de fondo, la Semana Santa se perfila este a\u00f1o no solo como una conmemoraci\u00f3n religiosa y cultural de profundo arraigo en muchas comunidades, sino tambi\u00e9n como un fen\u00f3meno tur\u00edstico preparado para registrar cifras hist\u00f3ricas. Tras tiempos de incertidumbre, el sector tur\u00edstico se reactiva con una oferta diversificada y renovada, lista para acoger a viajeros \u00e1vidos de experiencias \u00fanicas.<\/p>\n<p>Los destinos tradicionales de Semana Santa han puesto en marcha una serie de iniciativas para garantizar una temporada exitosa. Desde la revitalizaci\u00f3n de sus propuestas culturales hasta la mejora de infraestructuras, todo parece indicar que este a\u00f1o la fiesta ser\u00e1 un hito en la historia del turismo. Pero, \u00bfqu\u00e9 es lo que hace a esta Semana Santa tan especial?<\/p>\n<p>Ante todo, el deseo de reconectar. Para muchos, estas fechas marcar\u00e1n el regreso a las escapadas tur\u00edsticas tras largos per\u00edodos de restricciones. Las calles y plazas de numerosas ciudades volver\u00e1n a llenarse de color y m\u00fasica, escenarios vivos que narran historias centenarias a trav\u00e9s de sus rituales y tradiciones. La pasi\u00f3n, el arte y la devoci\u00f3n se entrelazan, ofreciendo espect\u00e1culos p\u00fablicos que capturan la esencia misma de la Semana Santa.<\/p>\n<p>La gastronom\u00eda desempe\u00f1a tambi\u00e9n un papel crucial en la experiencia tur\u00edstica de estas fechas. Los sabores de la Semana Santa, con sus dulces t\u00edpicos y platos tradicionales, ser\u00e1n una vez m\u00e1s embajadores de la cultura local, atrayendo a quienes buscan deleitar el paladar tanto como el esp\u00edritu.<\/p>\n<p>La innovaci\u00f3n no se queda atr\u00e1s. Muchos operadores tur\u00edsticos han incorporado nuevas tecnolog\u00edas para mejorar la experiencia de los visitantes. Desde aplicaciones m\u00f3viles que ofrecen recorridos virtuales y gu\u00edas personalizadas hasta medidas de sostenibilidad implementadas en alojamientos y servicios, el sector tur\u00edstico se muestra comprometido no solo con el presente, sino tambi\u00e9n con el futuro de las festividades y su entorno.<\/p>\n<p>Sin embargo, el desaf\u00edo reside en encontrar el equilibrio perfecto entre la afluencia tur\u00edstica y la preservaci\u00f3n de la esencia y sostenibilidad de los destinos. Las autoridades y organizaciones locales trabajan de la mano para asegurar que la celebraci\u00f3n sea un \u00e9xito tanto para visitantes como para residentes, garantizando as\u00ed que el legado de la Semana Santa perdure a trav\u00e9s del tiempo, manteniendo su significado y esplendor intactos.<\/p>\n<p>En conclusi\u00f3n, la Semana Santa promete ser este a\u00f1o una oportunidad sin precedentes para que el turismo demuestre su capacidad de resiliencia y su importancia como motor cultural y econ\u00f3mico. Para los viajeros, representa la oportunidad perfecta para sumergirse en tradiciones centenarias, descubrir paisajes impresionantes y experimentar la calidez de la hospitalidad local. Ser\u00e1, sin duda, una Semana Santa para recordar, marcada por el reencuentro con los viajes, la cultura y las tradiciones que nos unen.<\/p>\n<p><em> &#8221; Sources www.diariopalentino.es &#8221; <\/em><\/p>\n<p><em> &#8221; Sources www.diariopalentino.es &#8221; <\/em><\/p>\n","protected":false},"excerpt":{"rendered":"<p>Semana Santa: Una Promesa Tur\u00edstica Renovada Con el ambiente primaveral como tel\u00f3n de fondo, la Semana Santa se perfila este a\u00f1o no solo como una conmemoraci\u00f3n religiosa y cultural de profundo arraigo en muchas comunidades, sino tambi\u00e9n como un fen\u00f3meno tur\u00edstico preparado para registrar cifras hist\u00f3ricas. Tras tiempos de incertidumbre, el sector tur\u00edstico se reactiva [&hellip;]<\/p>\n","protected":false},"author":4,"featured_media":816297,"comment_status":"open","ping_status":"closed","sticky":false,"template":"","format":"standard","meta":{"om_disable_all_campaigns":false,"jnews-multi-image_gallery":[],"jnews_single_post":[],"jnews_primary_category":[],"jnews_social_meta":[],"footnotes":""},"categories":[40],"tags":[770,1296,2946,2182,544,545],"class_list":["post-816296","post","type-post","status-publish","format-standard","has-post-thumbnail","hentry","category-industria","tag-espana","tag-industria-turistica","tag-semana-santa","tag-tendencias","tag-turismo","tag-viajes"],"_links":{"self":[{"href":"https:\/\/dimensionturistica.com\/es\/wp-json\/wp\/v2\/posts\/816296","targetHints":{"allow":["GET"]}}],"collection":[{"href":"https:\/\/dimensionturistica.com\/es\/wp-json\/wp\/v2\/posts"}],"about":[{"href":"https:\/\/dimensionturistica.com\/es\/wp-json\/wp\/v2\/types\/post"}],"author":[{"embeddable":true,"href":"https:\/\/dimensionturistica.com\/es\/wp-json\/wp\/v2\/users\/4"}],"replies":[{"embeddable":true,"href":"https:\/\/dimensionturistica.com\/es\/wp-json\/wp\/v2\/comments?post=816296"}],"version-history":[{"count":0,"href":"https:\/\/dimensionturistica.com\/es\/wp-json\/wp\/v2\/posts\/816296\/revisions"}],"wp:featuredmedia":[{"embeddable":true,"href":"https:\/\/dimensionturistica.com\/es\/wp-json\/wp\/v2\/media\/816297"}],"wp:attachment":[{"href":"https:\/\/dimensionturistica.com\/es\/wp-json\/wp\/v2\/media?parent=816296"}],"wp:term":[{"taxonomy":"category","embeddable":true,"href":"https:\/\/dimensionturistica.com\/es\/wp-json\/wp\/v2\/categories?post=816296"},{"taxonomy":"post_tag","embeddable":true,"href":"https:\/\/dimensionturistica.com\/es\/wp-json\/wp\/v2\/tags?post=816296"}],"curies":[{"name":"wp","href":"https:\/\/api.w.org\/{rel}","templated":true}]}}