{"id":814209,"date":"2024-06-06T22:18:32","date_gmt":"2024-06-06T22:18:32","guid":{"rendered":"https:\/\/dimensionturistica.com\/es\/?p=814209"},"modified":"2024-06-06T22:18:32","modified_gmt":"2024-06-06T22:18:32","slug":"javier-milei-opta-por-asistir-al-g7-despues-de-rechazar-inicialmente-la-convocatoria","status":"publish","type":"post","link":"https:\/\/dimensionturistica.com\/es\/javier-milei-opta-por-asistir-al-g7-despues-de-rechazar-inicialmente-la-convocatoria\/","title":{"rendered":"Javier Milei Opta por Asistir al G7 Despu\u00e9s de Rechazar Inicialmente la Convocatoria"},"content":{"rendered":"<p><strong>Explorando caminos inesperados: C\u00f3mo los cambios de plans pueden enriquecer tu experiencia de viaje<\/strong><\/p>\n<p>En el mundo del turismo, un cambio de planes puede abrirnos a experiencias inesperadas, mostr\u00e1ndonos que, a veces, las sorpresas inesperadas terminan siendo las m\u00e1s memorables. Tal es el caso de un conocido pol\u00edtico y economista, quien recientemente tuvo que ajustar su agenda de viaje, eliminando de su itinerario eventos tan significativos como la prestigiosa cumbre del G7 y una importante cumbre de paz en Suiza. Si bien esto podr\u00eda parecer un inconveniente, lo cierto es que cada viaje, ya sea por motivos de trabajo, pol\u00edtica o placer, est\u00e1 lleno de oportunidades para descubrir y redescubrir.<\/p>\n<p>Imag\u00ednese, por un momento, que est\u00e1 planeado un viaje meticulosamente organizado a Europa, con una serie de eventos y compromisos alineados. Pero, de repente, debe acortar su estad\u00eda y reevaluar su agenda. Lejos de ser un contratiempo, este cambio de planes puede ser la puerta a exploraciones menos convencionales.<\/p>\n<p>Si alguna vez se encuentra en una situaci\u00f3n similar, aqu\u00ed hay algunas ideas para transformar un cambio de planes en una aventura inesperada:<\/p>\n<p><strong>1. Redescubre los cl\u00e1sicos:<\/strong> Tal vez ya no puedas asistir a esa cumbre en Suiza, pero \u00bfqu\u00e9 tal si aprovechas para visitar los lagos suizos, cuyas aguas cristalinas y serenas monta\u00f1as invitan a reflexionar sobre la belleza y la paz que originalmente ibas a discutir?<\/p>\n<p><strong>2. Avent\u00farate m\u00e1s all\u00e1 de los grandes eventos:<\/strong> A menudo, los eventos de gran envergadura como el G7 congregan a multitudes y la atenci\u00f3n de todo el mundo. Sin embargo, existen peque\u00f1as joyas escondidas, festivales locales y encuentros que ofrecen una experiencia m\u00e1s aut\u00e9ntica y personal de la cultura local.<\/p>\n<p><strong>3. Invol\u00facrate con la comunidad local:<\/strong> La posibilidad de interactuar m\u00e1s estrechamente con las personas que viven en tu destino de viaje ofrece una perspectiva \u00fanica, muchas veces m\u00e1s enriquecedora que la adquirida en los grandes eventos. Desde participar en un taller de cocina tradicional hasta asistir a una velada de m\u00fasica local, las opciones son infinitas.<\/p>\n<p><strong>4. Aprecia lo inesperado:<\/strong> A veces, simplemente vagar sin un destino fijo puede llevarnos a los lugares m\u00e1s extraordinarios. Callejuelas escondidas, caf\u00e9s con encanto, parques tranquilos; la lista de hallazgos accidentales es interminable.<\/p>\n<p><strong>5. Documenta tu viaje:<\/strong> Ya que tu viaje ha tomado un giro inesperado, \u00bfpor qu\u00e9 no documentarlo? Las redes sociales o un diario de viaje personal pueden ser excelentes maneras de compartir y recordar estas experiencias \u00fanicas.<\/p>\n<p>En conclusi\u00f3n, mientras que los grandes eventos y reuniones pueden ser atractivos, no son los \u00fanicos caminos para vivir experiencias significativas y memorables. Al igual que el reciente cambio en el itinerario de un destacado viajero nos lo recuerda, la verdadera esencia de viajar radica en nuestra capacidad para adaptarnos y encontrar belleza en lo no planificado. Por lo tanto, la pr\u00f3xima vez que se encuentre frente a un cambio inesperado en sus planes de viaje, recu\u00e9rdese que cada desv\u00edo es, en realidad, una invitaci\u00f3n a explorar lo desconocido.<\/p>\n<p><em> &#8221; Sources www.ambito.com &#8221; <\/em><\/p>\n<p><em> &#8221; Fuentes www.ambito.com &#8221; <\/em><\/p>\n","protected":false},"excerpt":{"rendered":"<p>Explorando caminos inesperados: C\u00f3mo los cambios de plans pueden enriquecer tu experiencia de viaje En el mundo del turismo, un cambio de planes puede abrirnos a experiencias inesperadas, mostr\u00e1ndonos que, a veces, las sorpresas inesperadas terminan siendo las m\u00e1s memorables. Tal es el caso de un conocido pol\u00edtico y economista, quien recientemente tuvo que ajustar [&hellip;]<\/p>\n","protected":false},"author":4,"featured_media":814210,"comment_status":"open","ping_status":"closed","sticky":false,"template":"","format":"standard","meta":{"om_disable_all_campaigns":false,"jnews-multi-image_gallery":[],"jnews_single_post":[],"jnews_primary_category":[],"jnews_social_meta":[],"footnotes":""},"categories":[39],"tags":[176638,6927,36584,111368,546],"class_list":["post-814209","post","type-post","status-publish","format-standard","has-post-thumbnail","hentry","category-viajes","tag-cumbre-del-g7","tag-economia-internacional","tag-g7","tag-javier-milei","tag-politica"],"_links":{"self":[{"href":"https:\/\/dimensionturistica.com\/es\/wp-json\/wp\/v2\/posts\/814209","targetHints":{"allow":["GET"]}}],"collection":[{"href":"https:\/\/dimensionturistica.com\/es\/wp-json\/wp\/v2\/posts"}],"about":[{"href":"https:\/\/dimensionturistica.com\/es\/wp-json\/wp\/v2\/types\/post"}],"author":[{"embeddable":true,"href":"https:\/\/dimensionturistica.com\/es\/wp-json\/wp\/v2\/users\/4"}],"replies":[{"embeddable":true,"href":"https:\/\/dimensionturistica.com\/es\/wp-json\/wp\/v2\/comments?post=814209"}],"version-history":[{"count":0,"href":"https:\/\/dimensionturistica.com\/es\/wp-json\/wp\/v2\/posts\/814209\/revisions"}],"wp:featuredmedia":[{"embeddable":true,"href":"https:\/\/dimensionturistica.com\/es\/wp-json\/wp\/v2\/media\/814210"}],"wp:attachment":[{"href":"https:\/\/dimensionturistica.com\/es\/wp-json\/wp\/v2\/media?parent=814209"}],"wp:term":[{"taxonomy":"category","embeddable":true,"href":"https:\/\/dimensionturistica.com\/es\/wp-json\/wp\/v2\/categories?post=814209"},{"taxonomy":"post_tag","embeddable":true,"href":"https:\/\/dimensionturistica.com\/es\/wp-json\/wp\/v2\/tags?post=814209"}],"curies":[{"name":"wp","href":"https:\/\/api.w.org\/{rel}","templated":true}]}}