{"id":814015,"date":"2024-06-06T17:25:08","date_gmt":"2024-06-06T17:25:08","guid":{"rendered":"https:\/\/dimensionturistica.com\/es\/?p=814015"},"modified":"2024-06-06T17:25:08","modified_gmt":"2024-06-06T17:25:08","slug":"los-establecimientos-turisticos-de-benidorm-toman-una-firme-posicion","status":"publish","type":"post","link":"https:\/\/dimensionturistica.com\/es\/los-establecimientos-turisticos-de-benidorm-toman-una-firme-posicion\/","title":{"rendered":"Los establecimientos tur\u00edsticos de Benidorm toman una firme posici\u00f3n"},"content":{"rendered":"<p><strong>La Joya de la Costa Blanca Frente a un Desaf\u00edo Tur\u00edstico<\/strong><\/p>\n<p>Benidorm, una ciudad que se erige majestuosa junto al mar, ha sido durante d\u00e9cadas el destino predilecto de innumerables viajeros en busca de sol, playa y diversi\u00f3n. Sus imponentes rascacielos, extensas playas de fina arena dorada y un clima envidiablemente c\u00e1lido a lo largo del a\u00f1o, han consolidado a Benidorm como una verdadera joya de la Costa Blanca en Espa\u00f1a. Sin embargo, recientemente, este para\u00edso tur\u00edstico ha enfrentado un desaf\u00edo que pone a prueba su resilencia y capacidad de adaptaci\u00f3n en la siempre cambiante industria del turismo.<\/p>\n<p>Los hoteles de Benidorm han decidido tomar una posici\u00f3n firme frente a uno de sus programas tur\u00edsticos m\u00e1s caracter\u00edsticos y esperados: los viajes del Imserso. Estos viajes, destinados a promover el turismo entre las personas mayores, han sido una iniciativa aplaudida por contribuir a la desestacionalizaci\u00f3n del turismo, permitiendo a los establecimientos hoteleros mantener una ocupaci\u00f3n constante m\u00e1s all\u00e1 de la alta temporada.<\/p>\n<p>No obstante, la situaci\u00f3n ha alcanzado un punto cr\u00edtico. Los hoteleros de Benidorm han expresado su preocupaci\u00f3n y descontento aduciendo que las condiciones econ\u00f3micas bajo las cuales se desarrollan estos programas son insostenibles. Argumentan que los precios que se establecen, pensados para ser accesibles para los viajeros de la tercera edad, no cubren los costos operativos de los hoteles, lo que pone en riesgo no solo la calidad del servicio ofrecido, sino tambi\u00e9n la viabilidad financiera de los establecimientos a largo plazo.<\/p>\n<p>La respuesta de los hoteles no se ha hecho esperar. Muchos han anunciado que no participar\u00e1n en el programa si las condiciones actuales persisten, lo que ha generado una atm\u00f3sfera de incertidumbre tanto entre los viajeros habituales de estos programas como en el sector tur\u00edstico en general.<\/p>\n<p>Este escenario representa un desaf\u00edo pero tambi\u00e9n una oportunidad. Es un claro llamado a la innovaci\u00f3n y al di\u00e1logo entre las partes involucradas: el gobierno, los operadores tur\u00edsticos y los representantes hoteleros. La clave est\u00e1 en encontrar un equilibrio que permita preservar los intereses de todos. Desde la sostenibilidad econ\u00f3mica de los hoteles hasta el fomento de un turismo inclusivo y accesible para las personas mayores, el objetivo com\u00fan debe ser garantizar que Benidorm contin\u00fae siendo ese destino de ensue\u00f1o para todos sus visitantes.<\/p>\n<p>La situaci\u00f3n de Benidorm es un reflejo de los retos que enfrenta la industria tur\u00edstica a nivel global. Un mundo en constante cambio demanda adaptabilidad y soluciones creativas. As\u00ed, mientras las negociaciones siguen su curso, el futuro de los viajes del Imserso en Benidorm pende de un hilo. Sin embargo, si hay algo que la historia de este vibrante destino tur\u00edstico nos ha ense\u00f1ado, es que siempre encuentra la manera de reinventarse y seguir brillando en el horizonte tur\u00edstico.<\/p>\n<p>En este momento crucial, solo queda esperar y confiar en que las partes involucradas encontrar\u00e1n una soluci\u00f3n que beneficie a todos, asegurando que Benidorm siga siendo ese lugar m\u00e1gico donde los recuerdos se crean y perduran en el tiempo.<\/p>\n<p><em> &#8221; Sources www.preferente.com &#8221; <\/em><\/p>\n<p><em> &#8221; Fuentes www.preferente.com &#8221; <\/em><\/p>\n","protected":false},"excerpt":{"rendered":"<p>La Joya de la Costa Blanca Frente a un Desaf\u00edo Tur\u00edstico Benidorm, una ciudad que se erige majestuosa junto al mar, ha sido durante d\u00e9cadas el destino predilecto de innumerables viajeros en busca de sol, playa y diversi\u00f3n. Sus imponentes rascacielos, extensas playas de fina arena dorada y un clima envidiablemente c\u00e1lido a lo largo [&hellip;]<\/p>\n","protected":false},"author":4,"featured_media":814016,"comment_status":"open","ping_status":"closed","sticky":false,"template":"","format":"standard","meta":{"om_disable_all_campaigns":false,"jnews-multi-image_gallery":[],"jnews_single_post":[],"jnews_primary_category":[],"jnews_social_meta":[],"footnotes":""},"categories":[39],"tags":[862,715,770,1289,10214,544],"class_list":["post-814015","post","type-post","status-publish","format-standard","has-post-thumbnail","hentry","category-viajes","tag-benidorm","tag-economia","tag-espana","tag-hoteles","tag-sector-hotelero","tag-turismo"],"_links":{"self":[{"href":"https:\/\/dimensionturistica.com\/es\/wp-json\/wp\/v2\/posts\/814015","targetHints":{"allow":["GET"]}}],"collection":[{"href":"https:\/\/dimensionturistica.com\/es\/wp-json\/wp\/v2\/posts"}],"about":[{"href":"https:\/\/dimensionturistica.com\/es\/wp-json\/wp\/v2\/types\/post"}],"author":[{"embeddable":true,"href":"https:\/\/dimensionturistica.com\/es\/wp-json\/wp\/v2\/users\/4"}],"replies":[{"embeddable":true,"href":"https:\/\/dimensionturistica.com\/es\/wp-json\/wp\/v2\/comments?post=814015"}],"version-history":[{"count":0,"href":"https:\/\/dimensionturistica.com\/es\/wp-json\/wp\/v2\/posts\/814015\/revisions"}],"wp:featuredmedia":[{"embeddable":true,"href":"https:\/\/dimensionturistica.com\/es\/wp-json\/wp\/v2\/media\/814016"}],"wp:attachment":[{"href":"https:\/\/dimensionturistica.com\/es\/wp-json\/wp\/v2\/media?parent=814015"}],"wp:term":[{"taxonomy":"category","embeddable":true,"href":"https:\/\/dimensionturistica.com\/es\/wp-json\/wp\/v2\/categories?post=814015"},{"taxonomy":"post_tag","embeddable":true,"href":"https:\/\/dimensionturistica.com\/es\/wp-json\/wp\/v2\/tags?post=814015"}],"curies":[{"name":"wp","href":"https:\/\/api.w.org\/{rel}","templated":true}]}}