{"id":812761,"date":"2024-06-04T18:15:44","date_gmt":"2024-06-04T18:15:44","guid":{"rendered":"https:\/\/dimensionturistica.com\/es\/?p=812761"},"modified":"2024-06-04T18:15:44","modified_gmt":"2024-06-04T18:15:44","slug":"shakira-se-convierte-en-el-nuevo-rostro-de-despegar","status":"publish","type":"post","link":"https:\/\/dimensionturistica.com\/es\/shakira-se-convierte-en-el-nuevo-rostro-de-despegar\/","title":{"rendered":"Shakira se convierte en el nuevo rostro de Despegar"},"content":{"rendered":"<p><strong>Shakira Brilla en el Mundo de los Viajes: Una Colaboraci\u00f3n Destinada a Inspirar Aventuras<\/strong><\/p>\n<p>En una emocionante noticia para los entusiastas de los viajes y fans de la m\u00fasica por igual, la superestrella internacional Shakira ha dado un paso audaz, asoci\u00e1ndose con una de las agencias de viajes m\u00e1s renombradas a nivel global. Esta alianza no solo fusiona el carisma y la energ\u00eda inconfundibles de Shakira con el mundo del turismo sino que tambi\u00e9n se perfila como un hito en la comercializaci\u00f3n de experiencias de viaje de lujo.<\/p>\n<p>Shakira, con su carrera que abarca d\u00e9cadas y \u00e9xitos que rompen barreras ling\u00fc\u00edsticas y culturales, ahora presta su imagen vibrante y mundialmente reconocida para inspirar a viajeros de todo el mundo a explorar destinos fascinantes. Esta asociaci\u00f3n marca un momento significativo, donde la pasi\u00f3n y el poder de convocatoria de una figura p\u00fablica se entrelazan con la promesa de aventuras y descubrimientos.<\/p>\n<p>El enfoque de esta campa\u00f1a se centra en la seducci\u00f3n de los ritmos, las culturas y las bellezas naturales que nuestro planeta tiene para ofrecer, capturando la esencia de la musicalidad y el esp\u00edritu aventurero de Shakira. Desde las vibrantes ciudades europeas, ricas en historia y arte, hasta las playas serenas y paradis\u00edacas de los tr\u00f3picos, la campa\u00f1a invita a los viajeros a sumergirse en experiencias \u00fanicas, prometiendo algo m\u00e1s all\u00e1 de los habituales itinerarios tur\u00edsticos.<\/p>\n<p>Esta alianza tambi\u00e9n resalta el compromiso de la agencia de viajes con la creaci\u00f3n de experiencias personalizadas y memorables. Tomando en cuenta los diversos antecedentes y los ricos matices de sus clientes, la empresa busca superar las expectativas, brindando viajes que no solo son viajes, sino tambi\u00e9n transformaciones personales y descubrimientos profundos.<\/p>\n<p>En palabras de Shakira, este nuevo cap\u00edtulo en su carrera es una oportunidad para fusionar su amor por el descubrimiento y la aventura con su deseo de empoderar a otros a vivir sus propias odiseas. Su mensaje es claro: hay un mundo por descubrir, lleno de magia y maravillas, esperando a que nos lanceamos a explorarlo.<\/p>\n<p>Este movimiento estrat\u00e9gico tambi\u00e9n promete impulsar la visibilidad de destinos menos tradicionales, aquellos tesoros escondidos del mundo que Shakira, con su esp\u00edritu inquieto y curioso, ha explorado. La campa\u00f1a se convierte as\u00ed en una invitaci\u00f3n a seguir los pasos de la artista, descubriendo la belleza, la cultura y la humanidad que yace en cada rinc\u00f3n del mapa.<\/p>\n<p>Para los amantes de los viajes, este desarrollo abre un nuevo cap\u00edtulo de inspiraci\u00f3n. Con Shakira como embajadora, la agencia de viajes no solo ofrece escapadas de ensue\u00f1o sino tambi\u00e9n una visi\u00f3n empoderadora del turismo: viajar no es solo desplazarse, sino vivir, sentir y conectar con el mundo de una manera profunda y aut\u00e9ntica.<\/p>\n<p>Esta asociaci\u00f3n promete revolucionar la manera en que percibimos los viajes, anim\u00e1ndonos a todos a embarcar en nuestras propias aventuras \u00e9picas, con la m\u00fasica y el esp\u00edritu de Shakira como compa\u00f1eros de viaje. La pregunta ahora no es si viajar, sino hacia d\u00f3nde nos llevar\u00e1 nuestra pr\u00f3xima gran aventura.<\/p>\n<p><em> &#8221; Sources fortuna.perfil.com &#8221; <\/em><\/p>\n<p><em> &#8221; Fuentes fortuna.perfil.com &#8221; <\/em><\/p>\n","protected":false},"excerpt":{"rendered":"<p>Shakira Brilla en el Mundo de los Viajes: Una Colaboraci\u00f3n Destinada a Inspirar Aventuras En una emocionante noticia para los entusiastas de los viajes y fans de la m\u00fasica por igual, la superestrella internacional Shakira ha dado un paso audaz, asoci\u00e1ndose con una de las agencias de viajes m\u00e1s renombradas a nivel global. Esta alianza [&hellip;]<\/p>\n","protected":false},"author":4,"featured_media":812762,"comment_status":"open","ping_status":"closed","sticky":false,"template":"","format":"standard","meta":{"om_disable_all_campaigns":false,"jnews-multi-image_gallery":[],"jnews_single_post":[],"jnews_primary_category":[],"jnews_social_meta":[],"footnotes":""},"categories":[39],"tags":[2474,176117,176116],"class_list":["post-812761","post","type-post","status-publish","format-standard","has-post-thumbnail","hentry","category-viajes","tag-despegar","tag-nueva-cara","tag-sahakira"],"_links":{"self":[{"href":"https:\/\/dimensionturistica.com\/es\/wp-json\/wp\/v2\/posts\/812761","targetHints":{"allow":["GET"]}}],"collection":[{"href":"https:\/\/dimensionturistica.com\/es\/wp-json\/wp\/v2\/posts"}],"about":[{"href":"https:\/\/dimensionturistica.com\/es\/wp-json\/wp\/v2\/types\/post"}],"author":[{"embeddable":true,"href":"https:\/\/dimensionturistica.com\/es\/wp-json\/wp\/v2\/users\/4"}],"replies":[{"embeddable":true,"href":"https:\/\/dimensionturistica.com\/es\/wp-json\/wp\/v2\/comments?post=812761"}],"version-history":[{"count":0,"href":"https:\/\/dimensionturistica.com\/es\/wp-json\/wp\/v2\/posts\/812761\/revisions"}],"wp:featuredmedia":[{"embeddable":true,"href":"https:\/\/dimensionturistica.com\/es\/wp-json\/wp\/v2\/media\/812762"}],"wp:attachment":[{"href":"https:\/\/dimensionturistica.com\/es\/wp-json\/wp\/v2\/media?parent=812761"}],"wp:term":[{"taxonomy":"category","embeddable":true,"href":"https:\/\/dimensionturistica.com\/es\/wp-json\/wp\/v2\/categories?post=812761"},{"taxonomy":"post_tag","embeddable":true,"href":"https:\/\/dimensionturistica.com\/es\/wp-json\/wp\/v2\/tags?post=812761"}],"curies":[{"name":"wp","href":"https:\/\/api.w.org\/{rel}","templated":true}]}}