{"id":808542,"date":"2024-05-28T08:49:16","date_gmt":"2024-05-28T08:49:16","guid":{"rendered":"https:\/\/dimensionturistica.com\/es\/?p=808542"},"modified":"2024-05-28T08:49:16","modified_gmt":"2024-05-28T08:49:16","slug":"uganda-combate-la-fiebre-amarilla-mediante-limitaciones-de-desplazamientos-y-una-amplia-campana-de-inmunizacion","status":"publish","type":"post","link":"https:\/\/dimensionturistica.com\/es\/uganda-combate-la-fiebre-amarilla-mediante-limitaciones-de-desplazamientos-y-una-amplia-campana-de-inmunizacion\/","title":{"rendered":"Uganda combate la fiebre amarilla mediante limitaciones de desplazamientos y una amplia campa\u00f1a de inmunizaci\u00f3n"},"content":{"rendered":"<h2>Uganda Se Moviliza Ante la Fiebre Amarilla: Una Nueva Aventura en Salud P\u00fablica y Turismo<\/h2>\n<p>En una respuesta proactiva a los recientes casos de fiebre amarilla confirmados en su territorio, Uganda ha iniciado una enorme campa\u00f1a de vacunaci\u00f3n, acompa\u00f1ada por la implementaci\u00f3n de restricciones de viaje espec\u00edficas con el objetivo de proteger tanto a sus habitantes como a los visitantes de este bello y diverso pa\u00eds. Esta iniciativa, presentada por el Ministerio de Salud ugand\u00e9s y respaldada por varias organizaciones internacionales de salud, destaca la rapidez y determinaci\u00f3n con la que Uganda est\u00e1 enfrentando esta situaci\u00f3n de salud p\u00fablica.<\/p>\n<p>La fiebre amarilla, una enfermedad viral transmitida por mosquitos, no es nueva en el escenario mundial, pero su aparici\u00f3n en \u00e1reas espec\u00edficas demanda respuestas r\u00e1pidas para prevenir brotes extensos. La enfermedad puede variar desde formas leves hasta muy graves, y la vacunaci\u00f3n se considera el medio m\u00e1s efectivo para su prevenci\u00f3n. En este contexto, el gobierno ugand\u00e9s, junto con la colaboraci\u00f3n de organizaciones como la Organizaci\u00f3n Mundial de la Salud (OMS), ha puesto en marcha un ambicioso plan de vacunaci\u00f3n dirigido a millones de residentes en las \u00e1reas afectadas y sus alrededores, subrayando su compromiso con la salud p\u00fablica.<\/p>\n<p>Para viajeros que tienen pensado visitar Uganda, el pa\u00eds ha establecido regulaciones espec\u00edficas de ingreso. Una de las medidas m\u00e1s importantes es la obligatoriedad de presentar un certificado de vacunaci\u00f3n contra la fiebre amarilla. Esta medida busca asegurar que todos los visitantes est\u00e9n protegidos contra la enfermedad, minimizando as\u00ed el riesgo de transmisi\u00f3n y contribuyendo a la contenci\u00f3n del virus.<\/p>\n<p>Uganda, conocida por su rica biodiversidad, su cultura vibrante y hospitalesidad, sigue siendo un destino cautivador para los aventureros y amantes de la naturaleza. Desde las majestuosas Monta\u00f1as Rwenzori y el imponente R\u00edo Nilo, hasta el esplendor de la vida salvaje en el Parque Nacional Queen Elizabeth, Uganda ofrece un sinf\u00edn de experiencias inolvidables. La actual campa\u00f1a de vacunaci\u00f3n y las restricciones de viaje son, en efecto, un testimonio de la dedicaci\u00f3n del pa\u00eds para garantizar que estas maravillas puedan ser disfrutadas de manera segura por todos.<\/p>\n<p>Es importante para los viajeros mantenerse informados sobre los desarrollos de esta campa\u00f1a y cumplir con los requisitos de vacunaci\u00f3n antes de su llegada. Esta medida no solo asegura su protecci\u00f3n sino que tambi\u00e9n contribuye a la salud global y al bienestar de las comunidades locales.<\/p>\n<p>Uganda est\u00e1 demostrando que, incluso frente a desaf\u00edos de salud p\u00fablica, con una acci\u00f3n decisiva y colaborativa, es posible mantener la bienvenida a visitantes de todo el mundo. En estos tiempos, el compromiso de Uganda con la salud y seguridad de sus residentes y visitantes se convierte en una parte integral de la experiencia de viaje, a\u00f1adiendo una capa adicional de riqueza y significado a la ya de por s\u00ed fascinante exploraci\u00f3n de este pa\u00eds.<\/p>\n<p><em> &#8221; Sources www.lavoz.com.ar &#8221; <\/em><\/p>\n<p><em> &#8221; Fuentes www.lavoz.com.ar &#8221; <\/em><\/p>\n","protected":false},"excerpt":{"rendered":"<p>Uganda Se Moviliza Ante la Fiebre Amarilla: Una Nueva Aventura en Salud P\u00fablica y Turismo En una respuesta proactiva a los recientes casos de fiebre amarilla confirmados en su territorio, Uganda ha iniciado una enorme campa\u00f1a de vacunaci\u00f3n, acompa\u00f1ada por la implementaci\u00f3n de restricciones de viaje espec\u00edficas con el objetivo de proteger tanto a sus [&hellip;]<\/p>\n","protected":false},"author":4,"featured_media":808543,"comment_status":"open","ping_status":"closed","sticky":false,"template":"","format":"standard","meta":{"om_disable_all_campaigns":false,"jnews-multi-image_gallery":[],"jnews_single_post":[],"jnews_primary_category":[],"jnews_social_meta":[],"footnotes":""},"categories":[39],"tags":[22823,38258,6405,18773],"class_list":["post-808542","post","type-post","status-publish","format-standard","has-post-thumbnail","hentry","category-viajes","tag-campana-de-vacunacion","tag-fiebre-amarilla","tag-restricciones-de-viajes","tag-uganda"],"_links":{"self":[{"href":"https:\/\/dimensionturistica.com\/es\/wp-json\/wp\/v2\/posts\/808542","targetHints":{"allow":["GET"]}}],"collection":[{"href":"https:\/\/dimensionturistica.com\/es\/wp-json\/wp\/v2\/posts"}],"about":[{"href":"https:\/\/dimensionturistica.com\/es\/wp-json\/wp\/v2\/types\/post"}],"author":[{"embeddable":true,"href":"https:\/\/dimensionturistica.com\/es\/wp-json\/wp\/v2\/users\/4"}],"replies":[{"embeddable":true,"href":"https:\/\/dimensionturistica.com\/es\/wp-json\/wp\/v2\/comments?post=808542"}],"version-history":[{"count":0,"href":"https:\/\/dimensionturistica.com\/es\/wp-json\/wp\/v2\/posts\/808542\/revisions"}],"wp:featuredmedia":[{"embeddable":true,"href":"https:\/\/dimensionturistica.com\/es\/wp-json\/wp\/v2\/media\/808543"}],"wp:attachment":[{"href":"https:\/\/dimensionturistica.com\/es\/wp-json\/wp\/v2\/media?parent=808542"}],"wp:term":[{"taxonomy":"category","embeddable":true,"href":"https:\/\/dimensionturistica.com\/es\/wp-json\/wp\/v2\/categories?post=808542"},{"taxonomy":"post_tag","embeddable":true,"href":"https:\/\/dimensionturistica.com\/es\/wp-json\/wp\/v2\/tags?post=808542"}],"curies":[{"name":"wp","href":"https:\/\/api.w.org\/{rel}","templated":true}]}}