{"id":808022,"date":"2024-05-27T15:35:22","date_gmt":"2024-05-27T15:35:22","guid":{"rendered":"https:\/\/dimensionturistica.com\/es\/?p=808022"},"modified":"2024-05-27T15:35:22","modified_gmt":"2024-05-27T15:35:22","slug":"los-establecimientos-gastronomicos-que-justifican-un-viaje-a-medellin","status":"publish","type":"post","link":"https:\/\/dimensionturistica.com\/es\/los-establecimientos-gastronomicos-que-justifican-un-viaje-a-medellin\/","title":{"rendered":"Los establecimientos gastron\u00f3micos que justifican un viaje a Medell\u00edn"},"content":{"rendered":"<p>En el coraz\u00f3n cultural de Colombia, Medell\u00edn se perfila como una ciudad que despierta todos los sentidos, especialmente el gusto. La &#8220;Ciudad de la Eterna Primavera&#8221; no solo encanta por su clima agradable, sus vibrantes espacios verdes y la calidez de su gente, sino que tambi\u00e9n se ha convertido en un atractivo destino culinario. Este es un recorrido por los rincones gastron\u00f3micos de Medell\u00edn que prometen deleitar el paladar de los viajeros m\u00e1s exigentes.<\/p>\n<p>Al adentrarse en Medell\u00edn, uno se encuentra con El Cielo, un restaurante que redefine la cocina colombiana a trav\u00e9s de la innovaci\u00f3n y la creatividad. Aqu\u00ed, cada plato es una obra de arte, y la experiencia se asemeja m\u00e1s a una performance culinaria que a una tradicional cena. Las t\u00e9cnicas modernas y los ingredientes locales se conjugan para ofrecer un men\u00fa degustaci\u00f3n que es un homenaje a los sabores de Colombia.<\/p>\n<p>En contraste con la alta cocina de El Cielo, est\u00e1 Alambique, un espacio que se siente como el c\u00e1lido abrazo de la cocina de hogar, pero elevado a la categor\u00eda de arte. La propuesta de Alambique gira en torno a la reinvenci\u00f3n de platos t\u00edpicos colombianos, con un men\u00fa que var\u00eda seg\u00fan la temporada para garantizar la frescura y la calidad de cada ingrediente. Este restaurante no solo destaca por su comida, sino tambi\u00e9n por su ambientaci\u00f3n acogedora y una decoraci\u00f3n que combina lo r\u00fastico con lo moderno.<\/p>\n<p>Para aquellos que buscan una experiencia m\u00e1s relajada sin sacrificar el placer culinario, Carmen ofrece una excepcional fusi\u00f3n de sabores colombianos y t\u00e9cnicas internacionales. Carmen, situado en un entorno \u00edntimo y elegante, es el lugar perfecto para disfrutar de una dieta balanceada entre lo tradicional y lo contempor\u00e1neo. Los platos aqu\u00ed son una verdadera celebraci\u00f3n de la biodiversidad colombiana, presentando ingredientes ex\u00f3ticos en preparaciones sofisticadas.<\/p>\n<p>Por otro lado, la vocaci\u00f3n de Medell\u00edn como centro de innovaci\u00f3n se refleja tambi\u00e9n en su oferta gastron\u00f3mica en lugares como Oci.Mde, donde el foco est\u00e1 en la carne y la parrilla, pero presentada con un giro inventivo. Este restaurante aprovecha las t\u00e9cnicas de parrilla para elevar platos sencillos a la categor\u00eda de exquisiteces, todo ello mientras mantiene un compromiso con la sostenibilidad y el apoyo a los productores locales.<\/p>\n<p>Finalmente, ning\u00fan recorrido gastron\u00f3mico por Medell\u00edn estar\u00eda completo sin una visita a In Situ, ubicado en el coraz\u00f3n del Jard\u00edn Bot\u00e1nico. Este lugar no solo es un deleite para los sentidos debido a su entorno natural impresionante, sino tambi\u00e9n por su men\u00fa inspirado en la flora y fauna local. In Situ es un testimonio de c\u00f3mo la gastronom\u00eda puede ser una experiencia integral que conecta al comensal con su entorno de manera profunda y significativa.<\/p>\n<p>Medell\u00edn se consolida as\u00ed como un destino indispensable para los amantes de la buena mesa. La ciudad ofrece una amalgama de experiencias culinarias que mezclan tradici\u00f3n, innovaci\u00f3n, y, sobre todo, pasi\u00f3n por la gastronom\u00eda. La invitaci\u00f3n est\u00e1 abierta: ven y descubre los sabores de Medell\u00edn, donde cada bocado es un homenaje a la riqueza cultural de Colombia.<\/p>\n<p><em> &#8221; Sources viajes.nationalgeographic.com.es &#8221; <\/em><\/p>\n<p><em> &#8221; Fuentes viajes.nationalgeographic.com.es &#8221; <\/em><\/p>\n","protected":false},"excerpt":{"rendered":"<p>En el coraz\u00f3n cultural de Colombia, Medell\u00edn se perfila como una ciudad que despierta todos los sentidos, especialmente el gusto. La &#8220;Ciudad de la Eterna Primavera&#8221; no solo encanta por su clima agradable, sus vibrantes espacios verdes y la calidez de su gente, sino que tambi\u00e9n se ha convertido en un atractivo destino culinario. Este [&hellip;]<\/p>\n","protected":false},"author":4,"featured_media":808023,"comment_status":"open","ping_status":"closed","sticky":false,"template":"","format":"standard","meta":{"om_disable_all_campaigns":false,"jnews-multi-image_gallery":[],"jnews_single_post":[],"jnews_primary_category":[],"jnews_social_meta":[],"footnotes":""},"categories":[39],"tags":[710,743,5683,6643,5557,5686,2189,945,790,545],"class_list":["post-808022","post","type-post","status-publish","format-standard","has-post-thumbnail","hentry","category-viajes","tag-ciencia","tag-gastronomia","tag-geographic","tag-historia","tag-medellin","tag-national","tag-naturaleza","tag-restaurantes","tag-viajar","tag-viajes"],"_links":{"self":[{"href":"https:\/\/dimensionturistica.com\/es\/wp-json\/wp\/v2\/posts\/808022","targetHints":{"allow":["GET"]}}],"collection":[{"href":"https:\/\/dimensionturistica.com\/es\/wp-json\/wp\/v2\/posts"}],"about":[{"href":"https:\/\/dimensionturistica.com\/es\/wp-json\/wp\/v2\/types\/post"}],"author":[{"embeddable":true,"href":"https:\/\/dimensionturistica.com\/es\/wp-json\/wp\/v2\/users\/4"}],"replies":[{"embeddable":true,"href":"https:\/\/dimensionturistica.com\/es\/wp-json\/wp\/v2\/comments?post=808022"}],"version-history":[{"count":0,"href":"https:\/\/dimensionturistica.com\/es\/wp-json\/wp\/v2\/posts\/808022\/revisions"}],"wp:featuredmedia":[{"embeddable":true,"href":"https:\/\/dimensionturistica.com\/es\/wp-json\/wp\/v2\/media\/808023"}],"wp:attachment":[{"href":"https:\/\/dimensionturistica.com\/es\/wp-json\/wp\/v2\/media?parent=808022"}],"wp:term":[{"taxonomy":"category","embeddable":true,"href":"https:\/\/dimensionturistica.com\/es\/wp-json\/wp\/v2\/categories?post=808022"},{"taxonomy":"post_tag","embeddable":true,"href":"https:\/\/dimensionturistica.com\/es\/wp-json\/wp\/v2\/tags?post=808022"}],"curies":[{"name":"wp","href":"https:\/\/api.w.org\/{rel}","templated":true}]}}