{"id":804971,"date":"2024-05-22T04:43:28","date_gmt":"2024-05-22T04:43:28","guid":{"rendered":"https:\/\/dimensionturistica.com\/es\/?p=804971"},"modified":"2024-05-22T04:43:28","modified_gmt":"2024-05-22T04:43:28","slug":"memorial-day-previsiones-de-maximos-historicos-en-desplazamientos-para-el-fin-de-semana-en-estados-unidos","status":"publish","type":"post","link":"https:\/\/dimensionturistica.com\/es\/memorial-day-previsiones-de-maximos-historicos-en-desplazamientos-para-el-fin-de-semana-en-estados-unidos\/","title":{"rendered":"Memorial Day: Previsiones de M\u00e1ximos Hist\u00f3ricos en Desplazamientos para el Fin de Semana en Estados Unidos"},"content":{"rendered":"<h3><strong>Estados Unidos se Viste de Gala: El Fin de Semana de Memorial Day Marca un Hito en Viajes<\/strong><\/h3>\n<p>Con la llegada del Memorial Day, Estados Unidos no solo honra a sus h\u00e9roes ca\u00eddos sino que tambi\u00e9n abre la puerta a una temporada alta en el sector tur\u00edstico. Este a\u00f1o, el pa\u00eds se prepara para un evento sin precedentes, registrando cifras de viaje que desaf\u00edan cualquier expectativa previa. De costas a monta\u00f1as, desde grandes ciudades hasta rincones escondidos, el esp\u00edritu de aventura parece haberse apoderado de los estadounidenses dispuestos a retomar sus planes de viaje con renovado entusiasmo.<\/p>\n<p>El inicio oficial del verano se ha convertido en el pretexto perfecto para que millones de personas se preparen para explorar, relajarse y reconectar. Con un pronostico que supera ampliamente los n\u00fameros vistos en a\u00f1os anteriores, la movilizaci\u00f3n promete ser hist\u00f3rica. Aerol\u00edneas, carreteras y destinos tur\u00edsticos se alistan para acoger a una multitud \u00e1vida de experiencias y memorias inolvidables.<\/p>\n<p>El apetito por viajar no se limita a destinos locales; desde parques nacionales hasta retiros en la playa, la diversidad de opciones refleja el variado tapiz cultural y natural del pa\u00eds. Adem\u00e1s, la receptividad de la industria tur\u00edstica, adaptada ya a las nuevas normalidades, ofrece a los viajeros una gama de servicios y flexibilidades nunca antes vista, facilitando as\u00ed la materializaci\u00f3n de esos viajes so\u00f1ados.<\/p>\n<p>Aeropuertos de todo el pa\u00eds se preparan para una operaci\u00f3n sin precedentes, esperando no s\u00f3lo atender a la demanda usual de este feriado sino batir r\u00e9cords de tr\u00e1fico a\u00e9reo. Las aerol\u00edneas, por su parte, han incrementado su oferta de vuelos y mejorado sus servicios para garantizar una experiencia segura y placentera a los viajeros. Paralelamente, el sector hotelero muestra optimismo, con reservas que indican una preferencia por estancias m\u00e1s prolongadas, evidenciando el deseo de los viajeros de sumergirse totalmente en sus destinos elegidos.<\/p>\n<p>\u00bfQu\u00e9 motiva este fervor por viajar despu\u00e9s de un periodo de incertidumbre global? M\u00e1s all\u00e1 de la notable mejora en la situaci\u00f3n sanitaria que ha brindado mayor confianza a los viajeros, existe un deseo palpable de reconectar con la belleza y diversidad del pa\u00eds. El Memorial Day, en este sentido, constituye no solo una pausa para recordar y honrar, sino tambi\u00e9n un momento de celebraci\u00f3n y redescubrimiento personales y colectivos.<\/p>\n<p>Los expertos en turismo sugieren que esta tendencia no es ef\u00edmera sino el inicio de una era dorada de viajes internos, donde los estadounidenses buscan explorar las riquezas de su propio pa\u00eds con m\u00e1s frecuencia y entusiasmo. Desde la revalorizaci\u00f3n de los espacios al aire libre hasta el inter\u00e9s renovado por la historia y cultura locales, los patrones de viaje emergentes reflejan un cambio significativo en las prioridades y preferencias de los ciudadanos.<\/p>\n<p>Este fin de semana de Memorial Day, sin duda, ser\u00e1 recordado como un hito en la historia del turismo estadounidense. Un momento de reencuentro, de aventura y, sobre todo, de apreciaci\u00f3n por las innumerables maravillas que este pa\u00eds tiene para ofrecer. Sea cual sea el destino, lo importante es sumergirse en la experiencia, disfrutar de cada momento y rendir homenaje a aquellos que hicieron posible nuestra libertad para explorar.<\/p>\n<p><em> &#8221; Sources www.infobae.com &#8221; <\/em><\/p>\n<p><em> &#8221; Fuentes www.infobae.com &#8221; <\/em><\/p>\n","protected":false},"excerpt":{"rendered":"<p>Estados Unidos se Viste de Gala: El Fin de Semana de Memorial Day Marca un Hito en Viajes Con la llegada del Memorial Day, Estados Unidos no solo honra a sus h\u00e9roes ca\u00eddos sino que tambi\u00e9n abre la puerta a una temporada alta en el sector tur\u00edstico. Este a\u00f1o, el pa\u00eds se prepara para un [&hellip;]<\/p>\n","protected":false},"author":4,"featured_media":804973,"comment_status":"open","ping_status":"closed","sticky":false,"template":"","format":"standard","meta":{"om_disable_all_campaigns":false,"jnews-multi-image_gallery":[],"jnews_single_post":[],"jnews_primary_category":[],"jnews_social_meta":[],"footnotes":""},"categories":[39],"tags":[87967,1363,5736,24700,545],"class_list":["post-804971","post","type-post","status-publish","format-standard","has-post-thumbnail","hentry","category-viajes","tag-cifras-record","tag-estados-unidos","tag-fin-de-semana","tag-memorial-day","tag-viajes"],"_links":{"self":[{"href":"https:\/\/dimensionturistica.com\/es\/wp-json\/wp\/v2\/posts\/804971","targetHints":{"allow":["GET"]}}],"collection":[{"href":"https:\/\/dimensionturistica.com\/es\/wp-json\/wp\/v2\/posts"}],"about":[{"href":"https:\/\/dimensionturistica.com\/es\/wp-json\/wp\/v2\/types\/post"}],"author":[{"embeddable":true,"href":"https:\/\/dimensionturistica.com\/es\/wp-json\/wp\/v2\/users\/4"}],"replies":[{"embeddable":true,"href":"https:\/\/dimensionturistica.com\/es\/wp-json\/wp\/v2\/comments?post=804971"}],"version-history":[{"count":0,"href":"https:\/\/dimensionturistica.com\/es\/wp-json\/wp\/v2\/posts\/804971\/revisions"}],"wp:featuredmedia":[{"embeddable":true,"href":"https:\/\/dimensionturistica.com\/es\/wp-json\/wp\/v2\/media\/804973"}],"wp:attachment":[{"href":"https:\/\/dimensionturistica.com\/es\/wp-json\/wp\/v2\/media?parent=804971"}],"wp:term":[{"taxonomy":"category","embeddable":true,"href":"https:\/\/dimensionturistica.com\/es\/wp-json\/wp\/v2\/categories?post=804971"},{"taxonomy":"post_tag","embeddable":true,"href":"https:\/\/dimensionturistica.com\/es\/wp-json\/wp\/v2\/tags?post=804971"}],"curies":[{"name":"wp","href":"https:\/\/api.w.org\/{rel}","templated":true}]}}