{"id":801774,"date":"2024-05-17T18:21:04","date_gmt":"2024-05-17T18:21:04","guid":{"rendered":"https:\/\/dimensionturistica.com\/es\/?p=801774"},"modified":"2024-05-17T18:21:04","modified_gmt":"2024-05-17T18:21:04","slug":"el-reciente-plan-gubernamental-que-alterara-los-desplazamientos-del-imserso-durante-esta-temporada","status":"publish","type":"post","link":"https:\/\/dimensionturistica.com\/es\/el-reciente-plan-gubernamental-que-alterara-los-desplazamientos-del-imserso-durante-esta-temporada\/","title":{"rendered":"El reciente plan gubernamental que alterar\u00e1 los desplazamientos del Imserso durante esta temporada"},"content":{"rendered":"<p>**Nueva Ola de Cambios en los Viajes del Imserso: Lo Que Necesita Saber**<\/p>\n<p>Como una brisa fresca que promete renovar el panorama tur\u00edstico, el Gobierno ha anunciado recientemente una serie de medidas que est\u00e1n destinadas a redefinir la experiencia de los viajes organizados por el Imserso. Esta nueva iniciativa no s\u00f3lo busca ampliar el espectro de posibilidades para los usuarios, sino que tambi\u00e9n se erige como una promesa de mejoras significativas en la calidad y accesibilidad de los destinos tur\u00edsticos para la temporada entrante.<\/p>\n<p>Primordialmente, uno de los cambios m\u00e1s significativos es la extensi\u00f3n del calendario de viajes, una medida estrat\u00e9gicamente dise\u00f1ada para desestacionalizar el turismo. Con esta ampliaci\u00f3n, se pretende no solo beneficiar a los usuarios, permiti\u00e9ndoles disfrutar de sus destinos favoritos en una mayor variedad de fechas sino tambi\u00e9n aportar a la sustentabilidad de los destinos ofrecidos, repartiendo el flujo tur\u00edstico a lo largo del a\u00f1o.<\/p>\n<p>Un aspecto a destacar es la diversificaci\u00f3n de destinos incluidos en los paquetes del Imserso. Esta reconfiguraci\u00f3n en la oferta busca adaptarse a los gustos y necesidades de un p\u00fablico m\u00e1s amplio, incorporando tanto tradiciones populares como experiencias culturales m\u00e1s profundas que permitan a los viajeros sumergirse en la verdadera esencia de cada lugar. As\u00ed, se abren las puertas a explorar desde ciudades con un rico patrimonio hist\u00f3rico hasta aquellas joyas ocultas de la naturaleza.<\/p>\n<p>Otra arista que complementa estos cambios es el incremento presupuestario destinado a mejorar la calidad de los servicios. Este enfoque en la mejora continua es un claro indicativo del compromiso del Gobierno por ofrecer experiencias de viaje que no solo sean asequibles sino tambi\u00e9n de una calidad incomparable. Se espera que esta inversi\u00f3n se traduzca en mejoras tangibles en alojamiento, transporte y en la gama de actividades disponibles para los viajeros.<\/p>\n<p>Para facilitar el acceso a estos renovados paquetes tur\u00edsticos, se ha prometido una simplificaci\u00f3n en los tr\u00e1mites administrativos. Este esfuerzo por optimizar el proceso de solicitud y reserva se alinea perfectamente con la estrategia de hacer los viajes del Imserso m\u00e1s accesibles para todos, asegurando que m\u00e1s personas puedan beneficiarse de estas oportunidades \u00fanicas de exploraci\u00f3n y recreaci\u00f3n.<\/p>\n<p>Cabe destacar que todas estas medidas se enmarcan dentro de una estrategia m\u00e1s amplia que busca fortalecer el sector tur\u00edstico nacional, fomentando una distribuci\u00f3n m\u00e1s equilibrada de los visitantes a lo largo del a\u00f1o y a la vez garantizando la sostenibilidad de los destinos. Esto no solo beneficia a los viajeros, proporcion\u00e1ndoles experiencias m\u00e1s ricas y variadas, sino que tambi\u00e9n contribuye al desarrollo de las comunidades locales, generando un impacto positivo tanto econ\u00f3mico como social.<\/p>\n<p>En resumen, la temporada entrante promete ser un punto de inflexi\u00f3n para los viajes del Imserso, con cambios que no solo enriquecer\u00e1n la experiencia tur\u00edstica de los usuarios sino que tambi\u00e9n potenciar\u00e1n el desarrollo sostenible de los destinos. Una oportunidad de oro tanto para experimentados viajeros del Imserso como para aquellos que se preparan para embarcarse en su primera aventura. La promesa es clara: m\u00e1s opciones, mejor calidad y experiencias inolvidables. Prep\u00e1rense para descubrir lo mejor de Espa\u00f1a de una manera completamente renovada.<\/p>\n<p><em> &#8221; Sources okdiario.com &#8221; <\/em><\/p>\n<p><em> &#8221; Fuentes okdiario.com &#8221; <\/em><\/p>\n","protected":false},"excerpt":{"rendered":"<p>**Nueva Ola de Cambios en los Viajes del Imserso: Lo Que Necesita Saber** Como una brisa fresca que promete renovar el panorama tur\u00edstico, el Gobierno ha anunciado recientemente una serie de medidas que est\u00e1n destinadas a redefinir la experiencia de los viajes organizados por el Imserso. Esta nueva iniciativa no s\u00f3lo busca ampliar el espectro [&hellip;]<\/p>\n","protected":false},"author":4,"featured_media":801775,"comment_status":"open","ping_status":"closed","sticky":false,"template":"","format":"standard","meta":{"om_disable_all_campaigns":false,"jnews-multi-image_gallery":[],"jnews_single_post":[],"jnews_primary_category":[],"jnews_social_meta":[],"footnotes":""},"categories":[39],"tags":[9047,698,813,964,545],"class_list":["post-801774","post","type-post","status-publish","format-standard","has-post-thumbnail","hentry","category-viajes","tag-cambios","tag-gobierno","tag-imserso","tag-temporada","tag-viajes"],"_links":{"self":[{"href":"https:\/\/dimensionturistica.com\/es\/wp-json\/wp\/v2\/posts\/801774","targetHints":{"allow":["GET"]}}],"collection":[{"href":"https:\/\/dimensionturistica.com\/es\/wp-json\/wp\/v2\/posts"}],"about":[{"href":"https:\/\/dimensionturistica.com\/es\/wp-json\/wp\/v2\/types\/post"}],"author":[{"embeddable":true,"href":"https:\/\/dimensionturistica.com\/es\/wp-json\/wp\/v2\/users\/4"}],"replies":[{"embeddable":true,"href":"https:\/\/dimensionturistica.com\/es\/wp-json\/wp\/v2\/comments?post=801774"}],"version-history":[{"count":0,"href":"https:\/\/dimensionturistica.com\/es\/wp-json\/wp\/v2\/posts\/801774\/revisions"}],"wp:featuredmedia":[{"embeddable":true,"href":"https:\/\/dimensionturistica.com\/es\/wp-json\/wp\/v2\/media\/801775"}],"wp:attachment":[{"href":"https:\/\/dimensionturistica.com\/es\/wp-json\/wp\/v2\/media?parent=801774"}],"wp:term":[{"taxonomy":"category","embeddable":true,"href":"https:\/\/dimensionturistica.com\/es\/wp-json\/wp\/v2\/categories?post=801774"},{"taxonomy":"post_tag","embeddable":true,"href":"https:\/\/dimensionturistica.com\/es\/wp-json\/wp\/v2\/tags?post=801774"}],"curies":[{"name":"wp","href":"https:\/\/api.w.org\/{rel}","templated":true}]}}