{"id":801758,"date":"2024-05-17T18:05:06","date_gmt":"2024-05-17T18:05:06","guid":{"rendered":"https:\/\/dimensionturistica.com\/es\/?p=801758"},"modified":"2024-05-17T18:05:06","modified_gmt":"2024-05-17T18:05:06","slug":"el-nuevo-plan-gubernamental-que-modificara-las-dinamicas-de-los-viajes-del-imserso-este-ano","status":"publish","type":"post","link":"https:\/\/dimensionturistica.com\/es\/el-nuevo-plan-gubernamental-que-modificara-las-dinamicas-de-los-viajes-del-imserso-este-ano\/","title":{"rendered":"El nuevo plan gubernamental que modificar\u00e1 las din\u00e1micas de los viajes del Imserso este a\u00f1o"},"content":{"rendered":"<p>**Nuevo Amanecer para los Viajes del Imserso: Una Mirada al Futuro del Turismo S\u00e9nior en Espa\u00f1a**<\/p>\n<p>En un movimiento audaz que promete revolucionar los viajes del Imserso, y as\u00ed el panorama tur\u00edstico para la tercera edad en Espa\u00f1a, el Gobierno ha anunciado una medida que suscitar\u00e1 cambios significativos a partir de esta temporada. Este ajuste, destinado a enriquecer la experiencia de los viajeros s\u00e9nior, no solo promete mejorar la calidad de los servicios ofrecidos, sino tambi\u00e9n ampliar las opciones de destinos disponibles, dando un nuevo aliento a este popular programa.<\/p>\n<p>El Imserso, conocido por su papel crucial en la promoci\u00f3n del turismo entre la poblaci\u00f3n de mayor edad en Espa\u00f1a, enfrenta as\u00ed una innovaci\u00f3n que era muy solicitada tanto por los usuarios como por los profesionales del sector tur\u00edstico. El principal cambio radica en la diversificaci\u00f3n de las ofertas de viajes, permitiendo a los beneficiarios acceder a un abanico m\u00e1s amplio de destinos, tanto dentro del \u00e1mbito nacional como, por primera vez, en algunas opciones internacionales.<\/p>\n<p>Este enriquecimiento en la oferta busca adaptarse a las nuevas demandas de un sector de la poblaci\u00f3n que no solo ha crecido en n\u00famero, sino que ha evolucionado en sus expectativas y deseos de viaje. Los viajeros s\u00e9nior de hoy buscan experiencias que combinen descanso, cultura, ocio y aventura, y esta nueva medida se alinea perfectamente con este esp\u00edritu, prometiendo hacer de cada viaje una experiencia inolvidable.<\/p>\n<p>Otro aspecto destacado de esta renovaci\u00f3n es la mejora en la calidad de los servicios. Se establecer\u00e1n nuevos criterios de selecci\u00f3n para los establecimientos hoteleros, con un enfoque puesto en la comodidad y accesibilidad, asegurando que los viajes sean no solo m\u00e1s gratificantes, sino tambi\u00e9n m\u00e1s seguros y c\u00f3modos para los s\u00e9nior.<\/p>\n<p>Esta medida viene acompa\u00f1a de una inversi\u00f3n considerable por parte del Gobierno, demostrando un compromiso firme con la mejora continua del programa del Imserso. Es una apuesta por el bienestar de la tercera edad, as\u00ed como por la dinamizaci\u00f3n de sectores econ\u00f3micos relacionados, como el hotelero y el de las agencias de viaje, que encontrar\u00e1n en esta nueva fase del programa una fuente de revitalizaci\u00f3n y crecimiento.<\/p>\n<p>En t\u00e9rminos pr\u00e1cticos, esta renovaci\u00f3n implicar\u00e1 un proceso de adaptaci\u00f3n tanto para los proveedores de servicios como para los propios viajeros. Sin embargo, el futuro pinta prometedor, y la respuesta inicial de la comunidad s\u00e9nior ha sido de entusiasmo y expectativa positiva. La posibilidad de explorar destinos previamente inaccesibles a trav\u00e9s del Imserso abre un mundo de posibilidades para muchos, y se anticipa que la respuesta a las nuevas ofertas ser\u00e1 abrumadoramente positiva.<\/p>\n<p>En conclusi\u00f3n, estamos presenciando un hito en la evoluci\u00f3n del turismo s\u00e9nior en Espa\u00f1a. La nueva medida adoptada por el Gobierno no solo demuestra una voluntad de adaptarse a los tiempos y a las necesidades de los viajeros del Imserso, sino que tambi\u00e9n marca el comienzo de una era de viajes m\u00e1s rica y diversa para la tercera edad. La promesa de nuevas aventuras en horizontes tanto conocidos como desconocidos pinta un futuro brillante para el turismo s\u00e9nior en Espa\u00f1a, haciendo de este un momento emocionante tanto para los viajeros como para la industria tur\u00edstica en su conjunto.<\/p>\n<p><em> &#8221; Sources okdiario.com &#8221; <\/em><\/p>\n<p><em> &#8221; Fuentes okdiario.com &#8221; <\/em><\/p>\n","protected":false},"excerpt":{"rendered":"<p>**Nuevo Amanecer para los Viajes del Imserso: Una Mirada al Futuro del Turismo S\u00e9nior en Espa\u00f1a** En un movimiento audaz que promete revolucionar los viajes del Imserso, y as\u00ed el panorama tur\u00edstico para la tercera edad en Espa\u00f1a, el Gobierno ha anunciado una medida que suscitar\u00e1 cambios significativos a partir de esta temporada. Este ajuste, [&hellip;]<\/p>\n","protected":false},"author":4,"featured_media":801759,"comment_status":"open","ping_status":"closed","sticky":false,"template":"","format":"standard","meta":{"om_disable_all_campaigns":false,"jnews-multi-image_gallery":[],"jnews_single_post":[],"jnews_primary_category":[],"jnews_social_meta":[],"footnotes":""},"categories":[39],"tags":[9047,698,813,964,545],"class_list":["post-801758","post","type-post","status-publish","format-standard","has-post-thumbnail","hentry","category-viajes","tag-cambios","tag-gobierno","tag-imserso","tag-temporada","tag-viajes"],"_links":{"self":[{"href":"https:\/\/dimensionturistica.com\/es\/wp-json\/wp\/v2\/posts\/801758","targetHints":{"allow":["GET"]}}],"collection":[{"href":"https:\/\/dimensionturistica.com\/es\/wp-json\/wp\/v2\/posts"}],"about":[{"href":"https:\/\/dimensionturistica.com\/es\/wp-json\/wp\/v2\/types\/post"}],"author":[{"embeddable":true,"href":"https:\/\/dimensionturistica.com\/es\/wp-json\/wp\/v2\/users\/4"}],"replies":[{"embeddable":true,"href":"https:\/\/dimensionturistica.com\/es\/wp-json\/wp\/v2\/comments?post=801758"}],"version-history":[{"count":0,"href":"https:\/\/dimensionturistica.com\/es\/wp-json\/wp\/v2\/posts\/801758\/revisions"}],"wp:featuredmedia":[{"embeddable":true,"href":"https:\/\/dimensionturistica.com\/es\/wp-json\/wp\/v2\/media\/801759"}],"wp:attachment":[{"href":"https:\/\/dimensionturistica.com\/es\/wp-json\/wp\/v2\/media?parent=801758"}],"wp:term":[{"taxonomy":"category","embeddable":true,"href":"https:\/\/dimensionturistica.com\/es\/wp-json\/wp\/v2\/categories?post=801758"},{"taxonomy":"post_tag","embeddable":true,"href":"https:\/\/dimensionturistica.com\/es\/wp-json\/wp\/v2\/tags?post=801758"}],"curies":[{"name":"wp","href":"https:\/\/api.w.org\/{rel}","templated":true}]}}