{"id":801244,"date":"2024-05-16T22:32:55","date_gmt":"2024-05-16T22:32:55","guid":{"rendered":"https:\/\/dimensionturistica.com\/es\/celebrating-may-16-a-national-day-for-all-my-favorite-dishes-elaine-revelle-opinion-columnist\/"},"modified":"2024-05-16T22:32:55","modified_gmt":"2024-05-16T22:32:55","slug":"celebrating-may-16-a-national-day-for-all-my-favorite-dishes-elaine-revelle-opinion-columnist","status":"publish","type":"post","link":"https:\/\/dimensionturistica.com\/es\/celebrating-may-16-a-national-day-for-all-my-favorite-dishes-elaine-revelle-opinion-columnist\/","title":{"rendered":"Celebrating May 16: A National Day for All My Favorite Dishes | Elaine Revelle | Opinion Columnist"},"content":{"rendered":"<p>**Descubre los Sabores de la Tradici\u00f3n: Un D\u00eda de Celebraci\u00f3n Gastron\u00f3mica**<\/p>\n<p>Cada a\u00f1o, el 16 de mayo se presenta como una fecha especial para los amantes de la gastronom\u00eda: un d\u00eda dedicado a la celebraci\u00f3n de algunos de los sabores m\u00e1s emblem\u00e1ticos y queridos por muchos. Esta festividad no oficial se ha ganado el coraz\u00f3n de los aficionados a la buena mesa que buscan reconocer y disfrutar de platos que no solo nutren el cuerpo, sino tambi\u00e9n el alma.<\/p>\n<p>En primer lugar, este d\u00eda rinde homenaje al coqueto y cremoso queso feta, uno de los protagonistas indiscutibles de la cocina mediterr\u00e1nea. Famoso por su sabor salado y su textura desmenuzable, el feta es un ingrediente vers\u00e1til que realza ensaladas, horneados y platos principales con su car\u00e1cter \u00fanico. Para los turistas culinarios, una degustaci\u00f3n de queso feta en su lugar de origen promete una experiencia inolvidable, donde podr\u00e1n apreciar las variaciones que ofrece cada regi\u00f3n.<\/p>\n<p>Adem\u00e1s, \u00a1qu\u00e9 ser\u00eda de nosotros sin una rebanada de pan Cher-pomodoro para acompa\u00f1ar! La simplicidad de este plato, que fusiona la frescura del tomate y la sutileza del ajo sobre una base crujiente, se convierte en una explosi\u00f3n de sabores en el paladar. Los viajeros pueden encontrar el aut\u00e9ntico pan Cher-pomodoro en peque\u00f1as trattorias y panader\u00edas locales, donde cada bocado cuenta la historia de tradiciones transmitidas de generaci\u00f3n en generaci\u00f3n.<\/p>\n<p>Otra estrella de este d\u00eda especial es la exc\u00e9ntrica y deliciosa pizza barbacoa. Atr\u00e9vete a descubrir c\u00f3mo este plato ha viajado y se ha adaptado a diferentes culturas, incorporando ingredientes locales y tocando las fibras del gusto universal por la innovaci\u00f3n y el sabor. Desde la profundidad ahumada hasta la dulzura que caracteriza su salsa, la pizza barbacoa es un testimonio de la gastronom\u00eda como un campo sin l\u00edmites para la creatividad.<\/p>\n<p>Por \u00faltimo, el 16 de mayo tambi\u00e9n es un momento para honrar a un cl\u00e1sico de la reposter\u00eda: el cremoso y lujoso coquitos. Este postre, con su armon\u00eda de coco y su textura celestial, encarna la dulzura y el confort. Un viaje a trav\u00e9s de los pa\u00edses que lo tienen como postre tradicional podr\u00eda revelarnos las diversas interpretaciones y el amor universal por este peque\u00f1o pero poderoso dulce.<\/p>\n<p>Invitamos a los viajeros y amantes de la gastronom\u00eda a marcar el 16 de mayo en sus calendarios como una fecha para aventurarse en un viaje culinario, explorar nuevos destinos a trav\u00e9s de sus sabores y, por supuesto, celebrar la alegr\u00eda de comer. Sea participando en festivales locales, explorando mercados llenos de color o reservando una mesa en esos restaurantes que son guardianes de la tradici\u00f3n, este d\u00eda es una excusa perfecta para deleitarse en las riquezas gastron\u00f3micas que nuestro mundo tiene para ofrecer. Bon app\u00e9tit!<\/p>\n<p><em> &#8221; Sources santamariatimes.com &#8221; <\/em><\/p>\n","protected":false},"excerpt":{"rendered":"<p>**Descubre los Sabores de la Tradici\u00f3n: Un D\u00eda de Celebraci\u00f3n Gastron\u00f3mica** Cada a\u00f1o, el 16 de mayo se presenta como una fecha especial para los amantes de la gastronom\u00eda: un d\u00eda dedicado a la celebraci\u00f3n de algunos de los sabores m\u00e1s emblem\u00e1ticos y queridos por muchos. Esta festividad no oficial se ha ganado el coraz\u00f3n [&hellip;]<\/p>\n","protected":false},"author":2,"featured_media":801245,"comment_status":"open","ping_status":"closed","sticky":false,"template":"","format":"standard","meta":{"om_disable_all_campaigns":false,"jnews-multi-image_gallery":[],"jnews_single_post":[],"jnews_primary_category":[],"jnews_social_meta":[],"footnotes":""},"categories":[43],"tags":[69359,172108,172107,172106,172105],"class_list":["post-801244","post","type-post","status-publish","format-standard","has-post-thumbnail","hentry","category-gourmet","tag-celebration","tag-columnist","tag-elaine-revelle","tag-food-favorites","tag-national-day"],"_links":{"self":[{"href":"https:\/\/dimensionturistica.com\/es\/wp-json\/wp\/v2\/posts\/801244","targetHints":{"allow":["GET"]}}],"collection":[{"href":"https:\/\/dimensionturistica.com\/es\/wp-json\/wp\/v2\/posts"}],"about":[{"href":"https:\/\/dimensionturistica.com\/es\/wp-json\/wp\/v2\/types\/post"}],"author":[{"embeddable":true,"href":"https:\/\/dimensionturistica.com\/es\/wp-json\/wp\/v2\/users\/2"}],"replies":[{"embeddable":true,"href":"https:\/\/dimensionturistica.com\/es\/wp-json\/wp\/v2\/comments?post=801244"}],"version-history":[{"count":0,"href":"https:\/\/dimensionturistica.com\/es\/wp-json\/wp\/v2\/posts\/801244\/revisions"}],"wp:featuredmedia":[{"embeddable":true,"href":"https:\/\/dimensionturistica.com\/es\/wp-json\/wp\/v2\/media\/801245"}],"wp:attachment":[{"href":"https:\/\/dimensionturistica.com\/es\/wp-json\/wp\/v2\/media?parent=801244"}],"wp:term":[{"taxonomy":"category","embeddable":true,"href":"https:\/\/dimensionturistica.com\/es\/wp-json\/wp\/v2\/categories?post=801244"},{"taxonomy":"post_tag","embeddable":true,"href":"https:\/\/dimensionturistica.com\/es\/wp-json\/wp\/v2\/tags?post=801244"}],"curies":[{"name":"wp","href":"https:\/\/api.w.org\/{rel}","templated":true}]}}